{"id":575,"date":"2018-07-01T17:44:58","date_gmt":"2018-07-01T15:44:58","guid":{"rendered":"https:\/\/apadrinalaciencia.org\/?p=575"},"modified":"2024-03-25T11:15:39","modified_gmt":"2024-03-25T10:15:39","slug":"ii-premio-tesis-benidorm-en-tu-corazon","status":"publish","type":"post","link":"https:\/\/apadrinalaciencia.org\/en\/ii-premio-tesis-benidorm-en-tu-corazon","title":{"rendered":"II Premio Tesis | \u00abBenidorm en tu coraz\u00f3n\u00bb"},"content":{"rendered":"<div class=\"wpb-content-wrapper\"><div class=\"vc_row wpb_row vc_row-fluid\"><div class=\"wpb_column vc_column_container vc_col-sm-12\"><div class=\"vc_column-inner\"><div class=\"wpb_wrapper\"><div class=\"vc_empty_space\"   style=\"height: 100px\"><span class=\"vc_empty_space_inner\"><\/span><\/div><h6 style=\"color: #ecbe49;text-align: left;font-family:Quicksand;font-weight:400;font-style:normal\" class=\"vc_custom_heading vc_do_custom_heading\" >PREMIOS TESIS DOCTORAL -<\/h6><\/div><\/div><\/div><\/div><div class=\"vc_row wpb_row vc_row-fluid\"><div class=\"wpb_column vc_column_container vc_col-sm-12\"><div class=\"vc_column-inner\"><div class=\"wpb_wrapper\"><div class=\"vc_separator wpb_content_element vc_separator_align_center vc_sep_width_100 vc_sep_pos_align_center vc_separator_no_text vc_sep_color_black wpb_content_element  wpb_content_element\" ><span class=\"vc_sep_holder vc_sep_holder_l\"><span class=\"vc_sep_line\"><\/span><\/span><span class=\"vc_sep_holder vc_sep_holder_r\"><span class=\"vc_sep_line\"><\/span><\/span>\n<\/div><div class=\"vc_row wpb_row vc_inner vc_row-fluid vc_row-o-content-middle vc_row-flex\"><div class=\"wpb_column vc_column_container vc_col-sm-12\"><div class=\"vc_column-inner\"><div class=\"wpb_wrapper\"><h3 style=\"text-align: left\" class=\"vc_custom_heading vc_do_custom_heading\" >II Convocatoria Apadrina la Ciencia a la mejor tesis doctoral - \"Benidorm Con Tu Coraz\u00f3n \/ Benidorm Amb El Teu Cor\"<\/h3><\/div><\/div><\/div><\/div><div class=\"vc_separator wpb_content_element vc_separator_align_center vc_sep_width_100 vc_sep_pos_align_center vc_separator_no_text vc_sep_color_black wpb_content_element  wpb_content_element\" ><span class=\"vc_sep_holder vc_sep_holder_l\"><span class=\"vc_sep_line\"><\/span><\/span><span class=\"vc_sep_holder vc_sep_holder_r\"><span class=\"vc_sep_line\"><\/span><\/span>\n<\/div><\/div><\/div><\/div><\/div><div class=\"vc_row wpb_row vc_row-fluid\"><div class=\"wpb_column vc_column_container vc_col-sm-6 vc_col-has-fill\"><div class=\"vc_column-inner vc_custom_1609345215919\"><div class=\"wpb_wrapper\"><h3 style=\"color: #ecbe49;text-align: center;font-family:Raleway;font-weight:900;font-style:normal\" class=\"vc_custom_heading vc_do_custom_heading\" >BENIDORM AMB EL TEU COR<\/h3><h6 style=\"color: #000000;text-align: center;font-family:Quicksand;font-weight:700;font-style:normal\" class=\"vc_custom_heading vc_do_custom_heading\" >Para enfermedades cardiovasculares o investigaci\u00f3n aplicada al deporte<\/h6>\n\t<div class=\"wpb_text_column wpb_content_element\" >\n\t\t<div class=\"wpb_wrapper\">\n\t\t\t<p class=\"font_8\">La Asociaci\u00f3n Apadrina la Ciencia tiene como fines fundacionales promover la investigaci\u00f3n y el desarrollo de proyectos, fomentar la divulgaci\u00f3n cient\u00edfica prestando especial atenci\u00f3n a los m\u00e1s j\u00f3venes y promover el patrocinio, mecenazgo y micro-donaciones para apoyar la investigaci\u00f3n cient\u00edfica en Espa\u00f1a.<\/p>\n<p class=\"font_8\"><strong>Gracias a la generosidad de donantes de Benidorm y con la estrecha colaboraci\u00f3n de su Ayuntamiento,<\/strong> se han donado 5.940 \u20ac para dotar el Premio \u201cBenidorm Amb El Teu Cor\u201d, \u201cBenidorm Con Tu Coraz\u00f3n\u201d a la\u00a0mejor <strong>Tesis Doctoral en enfermedades cardiovasculares o en investigaci\u00f3n aplicada al deporte.<\/strong><\/p>\n\n\t\t<\/div>\n\t<\/div>\n\n\t<div class=\"wpb_text_column wpb_content_element\" >\n\t\t<div class=\"wpb_wrapper\">\n\t\t\t<div id=\"comp-jnz4iuld\" class=\"_1Z_nJ\" data-testid=\"richTextElement\">\n<p class=\"font_8\">El jurado nombrado por Apadrina la Ciencia, compuesto por <strong>Natalia Azpiazu, Antonio Bernad y Pedro de la Villa,<\/strong> tras evaluar las solicitudes presentadas a la II Convocatoria Apadrina la Ciencia a la mejor tesis doctoral \u201cBenidorm con tu coraz\u00f3n\u201d, ha decidido por unanimidad:<\/p>\n<\/div>\n<div id=\"comp-jnz4o98n\" class=\"_1Z_nJ\" data-testid=\"richTextElement\">\n<p class=\"font_8\">Conceder el premio al doctor\u00a0<strong>Iv\u00e1n Cavero Redondo<\/strong>\u00a0por su tesis doctoral titulada\u00a0<strong>\u201cLa hemoglobina glicada, la diabetes mellitus y la enfermedad cardiovascular\u201d. <\/strong>El trabajo de tesis, dirigido por los doctores<strong> Vicente Mart\u00ednez Vizca\u00edno y B\u00e1rbara Neves Peleteiro<\/strong>, se llev\u00f3 a cabo en la Universidad de Castilla La Mancha.<\/p>\n<\/div>\n<div id=\"comp-jnz4y20x\" class=\"_1Z_nJ\" data-testid=\"richTextElement\">\n<p class=\"font_8\">El acto de entrega se celebr\u00f3 en Benidorm el d\u00eda 3 de noviembre a las 18:00 en el Sal\u00f3n de Actos del Ayuntamiento. <strong>El deportista Jes\u00fas Espa\u00f1a y el cient\u00edfico Francis Mojica entregar\u00e1n el Premio <\/strong>\u00a1\u00a1Gracias a los donantes por su generosidad!! Un ejemplo para todos nosotros.<\/p>\n<\/div>\n\n\t\t<\/div>\n\t<\/div>\n<\/div><\/div><\/div><div class=\"wpb_column vc_column_container vc_col-sm-6\"><div class=\"vc_column-inner\"><div class=\"wpb_wrapper\">\n\t<div  class=\"wpb_single_image wpb_content_element vc_align_left wpb_content_element\">\n\t\t\n\t\t<figure class=\"wpb_wrapper vc_figure\">\n\t\t\t<div class=\"vc_single_image-wrapper   vc_box_border_grey\"><img loading=\"lazy\" decoding=\"async\" width=\"810\" height=\"1146\" src=\"https:\/\/apadrinalaciencia.org\/wp-content\/uploads\/2019\/11\/04_dise\u00f1oposterCASTELLANO.jpg\" class=\"vc_single_image-img attachment-full\" alt=\"\" title=\"Benidorm\" srcset=\"https:\/\/apadrinalaciencia.org\/wp-content\/uploads\/2019\/11\/04_dise\u00f1oposterCASTELLANO.jpg 810w, https:\/\/apadrinalaciencia.org\/wp-content\/uploads\/2019\/11\/04_dise\u00f1oposterCASTELLANO-212x300.jpg 212w, https:\/\/apadrinalaciencia.org\/wp-content\/uploads\/2019\/11\/04_dise\u00f1oposterCASTELLANO-768x1087.jpg 768w, https:\/\/apadrinalaciencia.org\/wp-content\/uploads\/2019\/11\/04_dise\u00f1oposterCASTELLANO-724x1024.jpg 724w, https:\/\/apadrinalaciencia.org\/wp-content\/uploads\/2019\/11\/04_dise\u00f1oposterCASTELLANO-103x146.jpg 103w, https:\/\/apadrinalaciencia.org\/wp-content\/uploads\/2019\/11\/04_dise\u00f1oposterCASTELLANO-35x50.jpg 35w, https:\/\/apadrinalaciencia.org\/wp-content\/uploads\/2019\/11\/04_dise\u00f1oposterCASTELLANO-53x75.jpg 53w\" sizes=\"auto, (max-width:767px) 480px, (max-width:810px) 100vw, 810px\" \/><\/div>\n\t\t<\/figure>\n\t<\/div>\n<\/div><\/div><\/div><\/div><div class=\"vc_row wpb_row vc_row-fluid vc_row-o-equal-height vc_row-o-content-middle vc_row-flex\"><div class=\"wpb_column vc_column_container vc_col-sm-3\"><div class=\"vc_column-inner\"><div class=\"wpb_wrapper\"><div class=\"vc_btn3-container vc_btn3-center vc_do_btn\" ><a style=\"background-color:#d0e5ec; color:#666666;\" class=\"vc_general vc_btn3 vc_btn3-size-md vc_btn3-shape-rounded vc_btn3-style-custom\" href=\"https:\/\/8180414d-9ca2-4c60-b95b-40938b38725f.filesusr.com\/ugd\/dab047_1d1b4450d0624e038e6ce882c689d395.pdf\" title=\"Bases de la convocatoria\">Bases de la convocatoria<\/a><\/div><\/div><\/div><\/div><div class=\"wpb_column vc_column_container vc_col-sm-3\"><div class=\"vc_column-inner\"><div class=\"wpb_wrapper\"><div class=\"vc_btn3-container vc_btn3-center vc_do_btn\" ><a style=\"background-color:#d0e5ec; color:#666666;\" class=\"vc_general vc_btn3 vc_btn3-size-md vc_btn3-shape-rounded vc_btn3-style-custom\" href=\"https:\/\/8180414d-9ca2-4c60-b95b-40938b38725f.filesusr.com\/ugd\/dab047_4ed5637b29b44d4ebfa2b6636464edfa.pdf\" title=\"Nota de prensa\">Fallo de la convocatoria<\/a><\/div><\/div><\/div><\/div><div class=\"wpb_column vc_column_container vc_col-sm-3\"><div class=\"vc_column-inner\"><div class=\"wpb_wrapper\"><div class=\"vc_btn3-container vc_btn3-center vc_do_btn\" ><a style=\"background-color:#d0e5ec; color:#666666;\" class=\"vc_general vc_btn3 vc_btn3-size-md vc_btn3-shape-rounded vc_btn3-style-custom\" href=\"https:\/\/8180414d-9ca2-4c60-b95b-40938b38725f.filesusr.com\/ugd\/dab047_43c3b1ac093a4955a3d966f5fa36b2e3.pdf\" title=\"Nota de prensa\">Composici\u00f3n del jurado<\/a><\/div><\/div><\/div><\/div><div class=\"wpb_column vc_column_container vc_col-sm-3\"><div class=\"vc_column-inner\"><div class=\"wpb_wrapper\"><div class=\"vc_btn3-container vc_btn3-center vc_do_btn\" ><a style=\"background-color:#d0e5ec; color:#666666;\" class=\"vc_general vc_btn3 vc_btn3-size-md vc_btn3-shape-rounded vc_btn3-style-custom\" href=\"https:\/\/8180414d-9ca2-4c60-b95b-40938b38725f.filesusr.com\/ugd\/dab047_a60b441404f84116b2fd7b43dd13864f.pdf\" title=\"Nota de prensa\">Ganador y proyecto<\/a><\/div><\/div><\/div><\/div><\/div><div class=\"vc_row wpb_row vc_row-fluid\"><div class=\"wpb_column vc_column_container vc_col-sm-12\"><div class=\"vc_column-inner\"><div class=\"wpb_wrapper\"><div class=\"vc_empty_space\"   style=\"height: 100px\"><span class=\"vc_empty_space_inner\"><\/span><\/div><\/div><\/div><\/div><\/div>\n<\/div>","protected":false},"excerpt":{"rendered":"PREMIOS TESIS DOCTORAL - II Convocatoria Apadrina la Ciencia a la mejor tesis doctoral - \"Benidorm Con Tu Coraz\u00f3n \/ Benidorm Amb El Teu Cor\" BENIDORM<span class=\"excerpt-hellip\"> [\u2026]<\/span>","protected":false},"author":1,"featured_media":414,"comment_status":"open","ping_status":"open","sticky":false,"template":"","format":"standard","meta":{"footnotes":""},"categories":[9],"tags":[],"class_list":["post-575","post","type-post","status-publish","format-standard","has-post-thumbnail","hentry","category-premios-de-tesis"],"yoast_head":"<!-- This site is optimized with the Yoast SEO plugin v24.9 - https:\/\/yoast.com\/wordpress\/plugins\/seo\/ -->\n<title>II Premio Tesis | &quot;Benidorm en tu coraz\u00f3n&quot; - Apadrina la Ciencia<\/title>\n<meta name=\"robots\" content=\"index, follow, max-snippet:-1, max-image-preview:large, max-video-preview:-1\" \/>\n<link rel=\"canonical\" href=\"https:\/\/apadrinalaciencia.org\/en\/ii-premio-tesis-benidorm-en-tu-corazon\/\" \/>\n<meta property=\"og:locale\" content=\"en_GB\" \/>\n<meta property=\"og:type\" content=\"article\" \/>\n<meta property=\"og:title\" content=\"II Premio Tesis | &quot;Benidorm en tu coraz\u00f3n&quot; - Apadrina la Ciencia\" \/>\n<meta property=\"og:url\" content=\"https:\/\/apadrinalaciencia.org\/en\/ii-premio-tesis-benidorm-en-tu-corazon\/\" \/>\n<meta property=\"og:site_name\" content=\"Apadrina la Ciencia\" \/>\n<meta property=\"article:published_time\" content=\"2018-07-01T15:44:58+00:00\" \/>\n<meta property=\"article:modified_time\" content=\"2024-03-25T10:15:39+00:00\" \/>\n<meta property=\"og:image\" content=\"https:\/\/apadrinalaciencia.org\/wp-content\/uploads\/2019\/11\/04_dise\u00f1oposterCASTELLANO.jpg\" \/>\n\t<meta property=\"og:image:width\" content=\"810\" \/>\n\t<meta property=\"og:image:height\" content=\"1146\" \/>\n\t<meta property=\"og:image:type\" content=\"image\/jpeg\" \/>\n<meta name=\"author\" content=\"user\" \/>\n<meta name=\"twitter:card\" content=\"summary_large_image\" \/>\n<meta name=\"twitter:label1\" content=\"Written by\" \/>\n\t<meta name=\"twitter:data1\" content=\"user\" \/>\n\t<meta name=\"twitter:label2\" content=\"Estimated reading time\" \/>\n\t<meta name=\"twitter:data2\" content=\"4 minutes\" \/>\n<script type=\"application\/ld+json\" class=\"yoast-schema-graph\">{\"@context\":\"https:\/\/schema.org\",\"@graph\":[{\"@type\":\"Article\",\"@id\":\"https:\/\/apadrinalaciencia.org\/ii-premio-tesis-benidorm-en-tu-corazon#article\",\"isPartOf\":{\"@id\":\"https:\/\/apadrinalaciencia.org\/ii-premio-tesis-benidorm-en-tu-corazon\"},\"author\":{\"name\":\"user\",\"@id\":\"https:\/\/apadrinalaciencia.org\/#\/schema\/person\/d59d752a3b3ba80ddbfef448f33b3c92\"},\"headline\":\"II Premio Tesis | \u00abBenidorm en tu coraz\u00f3n\u00bb\",\"datePublished\":\"2018-07-01T15:44:58+00:00\",\"dateModified\":\"2024-03-25T10:15:39+00:00\",\"mainEntityOfPage\":{\"@id\":\"https:\/\/apadrinalaciencia.org\/ii-premio-tesis-benidorm-en-tu-corazon\"},\"wordCount\":720,\"commentCount\":0,\"publisher\":{\"@id\":\"https:\/\/apadrinalaciencia.org\/#organization\"},\"image\":{\"@id\":\"https:\/\/apadrinalaciencia.org\/ii-premio-tesis-benidorm-en-tu-corazon#primaryimage\"},\"thumbnailUrl\":\"https:\/\/apadrinalaciencia.org\/wp-content\/uploads\/2019\/11\/04_dise\u00f1oposterCASTELLANO.jpg\",\"articleSection\":[\"Premios de tesis\"],\"inLanguage\":\"en-GB\",\"potentialAction\":[{\"@type\":\"CommentAction\",\"name\":\"Comment\",\"target\":[\"https:\/\/apadrinalaciencia.org\/ii-premio-tesis-benidorm-en-tu-corazon#respond\"]}]},{\"@type\":\"WebPage\",\"@id\":\"https:\/\/apadrinalaciencia.org\/ii-premio-tesis-benidorm-en-tu-corazon\",\"url\":\"https:\/\/apadrinalaciencia.org\/ii-premio-tesis-benidorm-en-tu-corazon\",\"name\":\"II Premio Tesis | \\\"Benidorm en tu coraz\u00f3n\\\" - Apadrina la Ciencia\",\"isPartOf\":{\"@id\":\"https:\/\/apadrinalaciencia.org\/#website\"},\"primaryImageOfPage\":{\"@id\":\"https:\/\/apadrinalaciencia.org\/ii-premio-tesis-benidorm-en-tu-corazon#primaryimage\"},\"image\":{\"@id\":\"https:\/\/apadrinalaciencia.org\/ii-premio-tesis-benidorm-en-tu-corazon#primaryimage\"},\"thumbnailUrl\":\"https:\/\/apadrinalaciencia.org\/wp-content\/uploads\/2019\/11\/04_dise\u00f1oposterCASTELLANO.jpg\",\"datePublished\":\"2018-07-01T15:44:58+00:00\",\"dateModified\":\"2024-03-25T10:15:39+00:00\",\"breadcrumb\":{\"@id\":\"https:\/\/apadrinalaciencia.org\/ii-premio-tesis-benidorm-en-tu-corazon#breadcrumb\"},\"inLanguage\":\"en-GB\",\"potentialAction\":[{\"@type\":\"ReadAction\",\"target\":[\"https:\/\/apadrinalaciencia.org\/ii-premio-tesis-benidorm-en-tu-corazon\"]}]},{\"@type\":\"ImageObject\",\"inLanguage\":\"en-GB\",\"@id\":\"https:\/\/apadrinalaciencia.org\/ii-premio-tesis-benidorm-en-tu-corazon#primaryimage\",\"url\":\"https:\/\/apadrinalaciencia.org\/wp-content\/uploads\/2019\/11\/04_dise\u00f1oposterCASTELLANO.jpg\",\"contentUrl\":\"https:\/\/apadrinalaciencia.org\/wp-content\/uploads\/2019\/11\/04_dise\u00f1oposterCASTELLANO.jpg\",\"width\":810,\"height\":1146},{\"@type\":\"BreadcrumbList\",\"@id\":\"https:\/\/apadrinalaciencia.org\/ii-premio-tesis-benidorm-en-tu-corazon#breadcrumb\",\"itemListElement\":[{\"@type\":\"ListItem\",\"position\":1,\"name\":\"Home\",\"item\":\"https:\/\/apadrinalaciencia.org\/\"},{\"@type\":\"ListItem\",\"position\":2,\"name\":\"II Premio Tesis | \u00abBenidorm en tu coraz\u00f3n\u00bb\"}]},{\"@type\":\"WebSite\",\"@id\":\"https:\/\/apadrinalaciencia.org\/#website\",\"url\":\"https:\/\/apadrinalaciencia.org\/\",\"name\":\"Apadrina la Ciencia\",\"description\":\"Ayudando a la investigaci\u00f3n construimos el futuro\",\"publisher\":{\"@id\":\"https:\/\/apadrinalaciencia.org\/#organization\"},\"potentialAction\":[{\"@type\":\"SearchAction\",\"target\":{\"@type\":\"EntryPoint\",\"urlTemplate\":\"https:\/\/apadrinalaciencia.org\/?s={search_term_string}\"},\"query-input\":{\"@type\":\"PropertyValueSpecification\",\"valueRequired\":true,\"valueName\":\"search_term_string\"}}],\"inLanguage\":\"en-GB\"},{\"@type\":\"Organization\",\"@id\":\"https:\/\/apadrinalaciencia.org\/#organization\",\"name\":\"Apadrina la Ciencia\",\"url\":\"https:\/\/apadrinalaciencia.org\/\",\"logo\":{\"@type\":\"ImageObject\",\"inLanguage\":\"en-GB\",\"@id\":\"https:\/\/apadrinalaciencia.org\/#\/schema\/logo\/image\/\",\"url\":\"https:\/\/apadrinalaciencia.org\/wp-content\/uploads\/2019\/10\/cropped-logo-apadrina-la-ciencia.png\",\"contentUrl\":\"https:\/\/apadrinalaciencia.org\/wp-content\/uploads\/2019\/10\/cropped-logo-apadrina-la-ciencia.png\",\"width\":374,\"height\":212,\"caption\":\"Apadrina la Ciencia\"},\"image\":{\"@id\":\"https:\/\/apadrinalaciencia.org\/#\/schema\/logo\/image\/\"}},{\"@type\":\"Person\",\"@id\":\"https:\/\/apadrinalaciencia.org\/#\/schema\/person\/d59d752a3b3ba80ddbfef448f33b3c92\",\"name\":\"user\",\"image\":{\"@type\":\"ImageObject\",\"inLanguage\":\"en-GB\",\"@id\":\"https:\/\/apadrinalaciencia.org\/#\/schema\/person\/image\/\",\"url\":\"https:\/\/secure.gravatar.com\/avatar\/b4c9a289323b21a01c3e940f150eb9b8c542587f1abfd8f0e1cc1ffc5e475514?s=96&d=mm&r=g\",\"contentUrl\":\"https:\/\/secure.gravatar.com\/avatar\/b4c9a289323b21a01c3e940f150eb9b8c542587f1abfd8f0e1cc1ffc5e475514?s=96&d=mm&r=g\",\"caption\":\"user\"},\"url\":\"https:\/\/apadrinalaciencia.org\/en\/author\/user\"}]}<\/script>\n<!-- \/ Yoast SEO plugin. -->","yoast_head_json":{"title":"II Premio Tesis | \"Benidorm en tu coraz\u00f3n\" - Apadrina la Ciencia","robots":{"index":"index","follow":"follow","max-snippet":"max-snippet:-1","max-image-preview":"max-image-preview:large","max-video-preview":"max-video-preview:-1"},"canonical":"https:\/\/apadrinalaciencia.org\/en\/ii-premio-tesis-benidorm-en-tu-corazon\/","og_locale":"en_GB","og_type":"article","og_title":"II Premio Tesis | \"Benidorm en tu coraz\u00f3n\" - Apadrina la Ciencia","og_url":"https:\/\/apadrinalaciencia.org\/en\/ii-premio-tesis-benidorm-en-tu-corazon\/","og_site_name":"Apadrina la Ciencia","article_published_time":"2018-07-01T15:44:58+00:00","article_modified_time":"2024-03-25T10:15:39+00:00","og_image":[{"width":810,"height":1146,"url":"https:\/\/apadrinalaciencia.org\/wp-content\/uploads\/2019\/11\/04_dise\u00f1oposterCASTELLANO.jpg","type":"image\/jpeg"}],"author":"user","twitter_card":"summary_large_image","twitter_misc":{"Written by":"user","Estimated reading time":"4 minutes"},"schema":{"@context":"https:\/\/schema.org","@graph":[{"@type":"Article","@id":"https:\/\/apadrinalaciencia.org\/ii-premio-tesis-benidorm-en-tu-corazon#article","isPartOf":{"@id":"https:\/\/apadrinalaciencia.org\/ii-premio-tesis-benidorm-en-tu-corazon"},"author":{"name":"user","@id":"https:\/\/apadrinalaciencia.org\/#\/schema\/person\/d59d752a3b3ba80ddbfef448f33b3c92"},"headline":"II Premio Tesis | \u00abBenidorm en tu coraz\u00f3n\u00bb","datePublished":"2018-07-01T15:44:58+00:00","dateModified":"2024-03-25T10:15:39+00:00","mainEntityOfPage":{"@id":"https:\/\/apadrinalaciencia.org\/ii-premio-tesis-benidorm-en-tu-corazon"},"wordCount":720,"commentCount":0,"publisher":{"@id":"https:\/\/apadrinalaciencia.org\/#organization"},"image":{"@id":"https:\/\/apadrinalaciencia.org\/ii-premio-tesis-benidorm-en-tu-corazon#primaryimage"},"thumbnailUrl":"https:\/\/apadrinalaciencia.org\/wp-content\/uploads\/2019\/11\/04_dise\u00f1oposterCASTELLANO.jpg","articleSection":["Premios de tesis"],"inLanguage":"en-GB","potentialAction":[{"@type":"CommentAction","name":"Comment","target":["https:\/\/apadrinalaciencia.org\/ii-premio-tesis-benidorm-en-tu-corazon#respond"]}]},{"@type":"WebPage","@id":"https:\/\/apadrinalaciencia.org\/ii-premio-tesis-benidorm-en-tu-corazon","url":"https:\/\/apadrinalaciencia.org\/ii-premio-tesis-benidorm-en-tu-corazon","name":"II Premio Tesis | \"Benidorm en tu coraz\u00f3n\" - Apadrina la Ciencia","isPartOf":{"@id":"https:\/\/apadrinalaciencia.org\/#website"},"primaryImageOfPage":{"@id":"https:\/\/apadrinalaciencia.org\/ii-premio-tesis-benidorm-en-tu-corazon#primaryimage"},"image":{"@id":"https:\/\/apadrinalaciencia.org\/ii-premio-tesis-benidorm-en-tu-corazon#primaryimage"},"thumbnailUrl":"https:\/\/apadrinalaciencia.org\/wp-content\/uploads\/2019\/11\/04_dise\u00f1oposterCASTELLANO.jpg","datePublished":"2018-07-01T15:44:58+00:00","dateModified":"2024-03-25T10:15:39+00:00","breadcrumb":{"@id":"https:\/\/apadrinalaciencia.org\/ii-premio-tesis-benidorm-en-tu-corazon#breadcrumb"},"inLanguage":"en-GB","potentialAction":[{"@type":"ReadAction","target":["https:\/\/apadrinalaciencia.org\/ii-premio-tesis-benidorm-en-tu-corazon"]}]},{"@type":"ImageObject","inLanguage":"en-GB","@id":"https:\/\/apadrinalaciencia.org\/ii-premio-tesis-benidorm-en-tu-corazon#primaryimage","url":"https:\/\/apadrinalaciencia.org\/wp-content\/uploads\/2019\/11\/04_dise\u00f1oposterCASTELLANO.jpg","contentUrl":"https:\/\/apadrinalaciencia.org\/wp-content\/uploads\/2019\/11\/04_dise\u00f1oposterCASTELLANO.jpg","width":810,"height":1146},{"@type":"BreadcrumbList","@id":"https:\/\/apadrinalaciencia.org\/ii-premio-tesis-benidorm-en-tu-corazon#breadcrumb","itemListElement":[{"@type":"ListItem","position":1,"name":"Home","item":"https:\/\/apadrinalaciencia.org\/"},{"@type":"ListItem","position":2,"name":"II Premio Tesis | \u00abBenidorm en tu coraz\u00f3n\u00bb"}]},{"@type":"WebSite","@id":"https:\/\/apadrinalaciencia.org\/#website","url":"https:\/\/apadrinalaciencia.org\/","name":"Apadrina la Ciencia","description":"Ayudando a la investigaci\u00f3n construimos el futuro","publisher":{"@id":"https:\/\/apadrinalaciencia.org\/#organization"},"potentialAction":[{"@type":"SearchAction","target":{"@type":"EntryPoint","urlTemplate":"https:\/\/apadrinalaciencia.org\/?s={search_term_string}"},"query-input":{"@type":"PropertyValueSpecification","valueRequired":true,"valueName":"search_term_string"}}],"inLanguage":"en-GB"},{"@type":"Organization","@id":"https:\/\/apadrinalaciencia.org\/#organization","name":"Apadrina la Ciencia","url":"https:\/\/apadrinalaciencia.org\/","logo":{"@type":"ImageObject","inLanguage":"en-GB","@id":"https:\/\/apadrinalaciencia.org\/#\/schema\/logo\/image\/","url":"https:\/\/apadrinalaciencia.org\/wp-content\/uploads\/2019\/10\/cropped-logo-apadrina-la-ciencia.png","contentUrl":"https:\/\/apadrinalaciencia.org\/wp-content\/uploads\/2019\/10\/cropped-logo-apadrina-la-ciencia.png","width":374,"height":212,"caption":"Apadrina la Ciencia"},"image":{"@id":"https:\/\/apadrinalaciencia.org\/#\/schema\/logo\/image\/"}},{"@type":"Person","@id":"https:\/\/apadrinalaciencia.org\/#\/schema\/person\/d59d752a3b3ba80ddbfef448f33b3c92","name":"user","image":{"@type":"ImageObject","inLanguage":"en-GB","@id":"https:\/\/apadrinalaciencia.org\/#\/schema\/person\/image\/","url":"https:\/\/secure.gravatar.com\/avatar\/b4c9a289323b21a01c3e940f150eb9b8c542587f1abfd8f0e1cc1ffc5e475514?s=96&d=mm&r=g","contentUrl":"https:\/\/secure.gravatar.com\/avatar\/b4c9a289323b21a01c3e940f150eb9b8c542587f1abfd8f0e1cc1ffc5e475514?s=96&d=mm&r=g","caption":"user"},"url":"https:\/\/apadrinalaciencia.org\/en\/author\/user"}]}},"jetpack_featured_media_url":"https:\/\/apadrinalaciencia.org\/wp-content\/uploads\/2019\/11\/04_dise\u00f1oposterCASTELLANO.jpg","_links":{"self":[{"href":"https:\/\/apadrinalaciencia.org\/en\/wp-json\/wp\/v2\/posts\/575","targetHints":{"allow":["GET"]}}],"collection":[{"href":"https:\/\/apadrinalaciencia.org\/en\/wp-json\/wp\/v2\/posts"}],"about":[{"href":"https:\/\/apadrinalaciencia.org\/en\/wp-json\/wp\/v2\/types\/post"}],"author":[{"embeddable":true,"href":"https:\/\/apadrinalaciencia.org\/en\/wp-json\/wp\/v2\/users\/1"}],"replies":[{"embeddable":true,"href":"https:\/\/apadrinalaciencia.org\/en\/wp-json\/wp\/v2\/comments?post=575"}],"version-history":[{"count":7,"href":"https:\/\/apadrinalaciencia.org\/en\/wp-json\/wp\/v2\/posts\/575\/revisions"}],"predecessor-version":[{"id":585,"href":"https:\/\/apadrinalaciencia.org\/en\/wp-json\/wp\/v2\/posts\/575\/revisions\/585"}],"wp:featuredmedia":[{"embeddable":true,"href":"https:\/\/apadrinalaciencia.org\/en\/wp-json\/wp\/v2\/media\/414"}],"wp:attachment":[{"href":"https:\/\/apadrinalaciencia.org\/en\/wp-json\/wp\/v2\/media?parent=575"}],"wp:term":[{"taxonomy":"category","embeddable":true,"href":"https:\/\/apadrinalaciencia.org\/en\/wp-json\/wp\/v2\/categories?post=575"},{"taxonomy":"post_tag","embeddable":true,"href":"https:\/\/apadrinalaciencia.org\/en\/wp-json\/wp\/v2\/tags?post=575"}],"curies":[{"name":"wp","href":"https:\/\/api.w.org\/{rel}","templated":true}]}}