{"id":397,"date":"2013-11-17T10:19:44","date_gmt":"2013-11-17T10:19:44","guid":{"rendered":"https:\/\/apadrinalaciencia.org\/?p=397"},"modified":"2019-11-17T10:33:20","modified_gmt":"2019-11-17T10:33:20","slug":"vii-premio-de-periodismo-sobre-investigacion-e-innovacion-tecnologica","status":"publish","type":"post","link":"https:\/\/apadrinalaciencia.org\/en\/vii-premio-de-periodismo-sobre-investigacion-e-innovacion-tecnologica","title":{"rendered":"VII Premio de Periodismo sobre Investigaci\u00f3n e Innovaci\u00f3n Tecnol\u00f3gica"},"content":{"rendered":"<div class=\"wpb-content-wrapper\"><div class=\"vc_row wpb_row vc_row-fluid\"><div class=\"wpb_column vc_column_container vc_col-sm-12\"><div class=\"vc_column-inner\"><div class=\"wpb_wrapper\"><div class=\"vc_empty_space\"   style=\"height: 100px\"><span class=\"vc_empty_space_inner\"><\/span><\/div><h6 style=\"color: #ecbe49;text-align: left;font-family:Quicksand;font-weight:400;font-style:normal\" class=\"vc_custom_heading vc_do_custom_heading\" >PREMIOS -<\/h6><\/div><\/div><\/div><\/div><div class=\"vc_row wpb_row vc_row-fluid\"><div class=\"wpb_column vc_column_container vc_col-sm-12\"><div class=\"vc_column-inner\"><div class=\"wpb_wrapper\"><div class=\"vc_separator wpb_content_element vc_separator_align_center vc_sep_width_100 vc_sep_pos_align_center vc_separator_no_text vc_sep_color_black wpb_content_element  wpb_content_element\" ><span class=\"vc_sep_holder vc_sep_holder_l\"><span class=\"vc_sep_line\"><\/span><\/span><span class=\"vc_sep_holder vc_sep_holder_r\"><span class=\"vc_sep_line\"><\/span><\/span>\n<\/div><div class=\"vc_row wpb_row vc_inner vc_row-fluid vc_row-o-content-middle vc_row-flex\"><div class=\"wpb_column vc_column_container vc_col-sm-8\"><div class=\"vc_column-inner\"><div class=\"wpb_wrapper\"><h3 style=\"text-align: left\" class=\"vc_custom_heading vc_do_custom_heading\" >VII Premio de Periodismo<br \/>\nsobre Investigaci\u00f3n e<br \/>\nInnovaci\u00f3n Tecnol\u00f3gica<\/h3><\/div><\/div><\/div><div class=\"wpb_column vc_column_container vc_col-sm-2\"><div class=\"vc_column-inner\"><div class=\"wpb_wrapper\"><\/div><\/div><\/div><div class=\"wpb_column vc_column_container vc_col-sm-2\"><div class=\"vc_column-inner\"><div class=\"wpb_wrapper\">\n\t<div  class=\"wpb_single_image wpb_content_element vc_align_center wpb_content_element\">\n\t\t\n\t\t<figure class=\"wpb_wrapper vc_figure\">\n\t\t\t<div class=\"vc_single_image-wrapper   vc_box_border_grey\"><img decoding=\"async\" class=\"vc_single_image-img\" src=\"https:\/\/apadrinalaciencia.org\/wp-content\/uploads\/2019\/11\/rne_Mesa-de-trabajo-1-100x100.jpg\" width=\"100\" height=\"100\" alt=\"rne_Mesa de trabajo 1\" title=\"rne_Mesa de trabajo 1\" loading=\"lazy\" \/><\/div>\n\t\t<\/figure>\n\t<\/div>\n<\/div><\/div><\/div><\/div><div class=\"vc_separator wpb_content_element vc_separator_align_center vc_sep_width_100 vc_sep_pos_align_center vc_separator_no_text vc_sep_color_black wpb_content_element  wpb_content_element\" ><span class=\"vc_sep_holder vc_sep_holder_l\"><span class=\"vc_sep_line\"><\/span><\/span><span class=\"vc_sep_holder vc_sep_holder_r\"><span class=\"vc_sep_line\"><\/span><\/span>\n<\/div><\/div><\/div><\/div><\/div><div class=\"vc_row wpb_row vc_row-fluid\"><div class=\"wpb_column vc_column_container vc_col-sm-12\"><div class=\"vc_column-inner\"><div class=\"wpb_wrapper\"><div class=\"vc_empty_space\"   style=\"height: 20px\"><span class=\"vc_empty_space_inner\"><\/span><\/div><\/div><\/div><\/div><\/div><div class=\"vc_row wpb_row vc_row-fluid\"><div class=\"wpb_column vc_column_container vc_col-sm-2\"><div class=\"vc_column-inner\"><div class=\"wpb_wrapper\"><\/div><\/div><\/div><div class=\"wpb_column vc_column_container vc_col-sm-4\"><div class=\"vc_column-inner\"><div class=\"wpb_wrapper\">\n\t<div  class=\"wpb_single_image wpb_content_element vc_align_left wpb_content_element\">\n\t\t\n\t\t<figure class=\"wpb_wrapper vc_figure\">\n\t\t\t<div class=\"vc_single_image-wrapper   vc_box_border_grey\"><img loading=\"lazy\" decoding=\"async\" width=\"892\" height=\"324\" src=\"https:\/\/apadrinalaciencia.org\/wp-content\/uploads\/2019\/11\/dab047_36215bc2eb6b4a6498262917cd70d6d7.jpg\" class=\"vc_single_image-img attachment-full\" alt=\"\" title=\"dab047_36215bc2eb6b4a6498262917cd70d6d7\" srcset=\"https:\/\/apadrinalaciencia.org\/wp-content\/uploads\/2019\/11\/dab047_36215bc2eb6b4a6498262917cd70d6d7.jpg 892w, https:\/\/apadrinalaciencia.org\/wp-content\/uploads\/2019\/11\/dab047_36215bc2eb6b4a6498262917cd70d6d7-300x109.jpg 300w, https:\/\/apadrinalaciencia.org\/wp-content\/uploads\/2019\/11\/dab047_36215bc2eb6b4a6498262917cd70d6d7-768x279.jpg 768w, https:\/\/apadrinalaciencia.org\/wp-content\/uploads\/2019\/11\/dab047_36215bc2eb6b4a6498262917cd70d6d7-260x94.jpg 260w, https:\/\/apadrinalaciencia.org\/wp-content\/uploads\/2019\/11\/dab047_36215bc2eb6b4a6498262917cd70d6d7-50x18.jpg 50w, https:\/\/apadrinalaciencia.org\/wp-content\/uploads\/2019\/11\/dab047_36215bc2eb6b4a6498262917cd70d6d7-150x54.jpg 150w\" sizes=\"auto, (max-width:767px) 480px, (max-width:892px) 100vw, 892px\" \/><\/div>\n\t\t<\/figure>\n\t<\/div>\n<\/div><\/div><\/div><div class=\"wpb_column vc_column_container vc_col-sm-4\"><div class=\"vc_column-inner\"><div class=\"wpb_wrapper\"><h4 style=\"color: #888686;text-align: left;font-family:Abril Fatface;font-weight:400;font-style:normal\" class=\"vc_custom_heading vc_do_custom_heading\" >Finalidad de los proyectos<\/h4>\n\t<div class=\"wpb_text_column wpb_content_element\" >\n\t\t<div class=\"wpb_wrapper\">\n\t\t\t<p>El programa Espa\u00f1a Vuelta y Vuelta de RNE1, dirigido por Manolo HH, ha sido galardonado con el premio <a href=\"http:\/\/www.tecnalia.es\/premio-de-periodismo-2014\">Tecnalia<\/a> de Periodismo por su labor en favor de la investigaci\u00f3n cient\u00edfica.<\/p>\n\n\t\t<\/div>\n\t<\/div>\n\n\t<div class=\"wpb_text_column wpb_content_element\" >\n\t\t<div class=\"wpb_wrapper\">\n\t\t\t<p>El reportaje premiado, \u201cI+D+i para el cambio de modelo productivo\u201d, fue emitido el d\u00eda <a href=\"http:\/\/mvod1.akcdn.rtve.es\/resources\/TE_SESVUYV\/mp3\/4\/8\/1382613023384.mp3\" target=\"_blank\" rel=\"nofollow noopener noreferrer\" data-content=\"http:\/\/mvod1.akcdn.rtve.es\/resources\/TE_SESVUYV\/mp3\/4\/8\/1382613023384.mp3\" data-type=\"external\"><span class=\"color_4\"><span class=\"backcolor_22\">24 de octubre de 2013<\/span><\/span><\/a>. Enhorabuena a nuestros amigos de la radio con quienes colaboramos asiduamente para divulgar la ciencia y su importancia.<\/p>\n\n\t\t<\/div>\n\t<\/div>\n<\/div><\/div><\/div><div class=\"wpb_column vc_column_container vc_col-sm-2\"><div class=\"vc_column-inner\"><div class=\"wpb_wrapper\"><\/div><\/div><\/div><\/div><div class=\"vc_row wpb_row vc_row-fluid\"><div class=\"wpb_column vc_column_container vc_col-sm-12\"><div class=\"vc_column-inner\"><div class=\"wpb_wrapper\"><div class=\"vc_separator wpb_content_element vc_separator_align_center vc_sep_width_100 vc_sep_pos_align_center vc_separator_no_text vc_sep_color_black wpb_content_element  wpb_content_element\" ><span class=\"vc_sep_holder vc_sep_holder_l\"><span class=\"vc_sep_line\"><\/span><\/span><span class=\"vc_sep_holder vc_sep_holder_r\"><span class=\"vc_sep_line\"><\/span><\/span>\n<\/div><\/div><\/div><\/div><\/div><div class=\"vc_row wpb_row vc_row-fluid vc_row-o-content-middle vc_row-flex\"><div class=\"wpb_column vc_column_container vc_col-sm-4\"><div class=\"vc_column-inner\"><div class=\"wpb_wrapper\"><\/div><\/div><\/div><div class=\"wpb_column vc_column_container vc_col-sm-4\"><div class=\"vc_column-inner\"><div class=\"wpb_wrapper\"><div class=\"vc_btn3-container vc_btn3-center vc_do_btn\" ><a style=\"background-color:#d0e5ec; color:#000000;\" class=\"vc_general vc_btn3 vc_btn3-size-md vc_btn3-shape-rounded vc_btn3-style-custom vc_btn3-icon-left\" href=\"http:\/\/www.tecnalia.es\/premio-de-periodismo-2014\" title=\"\"><i class=\"vc_btn3-icon fa fa-file-text-o\"><\/i> Saber m\u00e1s<\/a><\/div><\/div><\/div><\/div><div class=\"wpb_column vc_column_container vc_col-sm-4\"><div class=\"vc_column-inner\"><div class=\"wpb_wrapper\"><\/div><\/div><\/div><\/div><div class=\"vc_row wpb_row vc_row-fluid\"><div class=\"wpb_column vc_column_container vc_col-sm-12\"><div class=\"vc_column-inner\"><div class=\"wpb_wrapper\"><div class=\"vc_separator wpb_content_element vc_separator_align_center vc_sep_width_100 vc_sep_pos_align_center vc_separator_no_text vc_sep_color_black wpb_content_element  wpb_content_element\" ><span class=\"vc_sep_holder vc_sep_holder_l\"><span class=\"vc_sep_line\"><\/span><\/span><span class=\"vc_sep_holder vc_sep_holder_r\"><span class=\"vc_sep_line\"><\/span><\/span>\n<\/div><\/div><\/div><\/div><\/div><div class=\"vc_row wpb_row vc_row-fluid\"><div class=\"wpb_column vc_column_container vc_col-sm-12\"><div class=\"vc_column-inner\"><div class=\"wpb_wrapper\"><div class=\"vc_empty_space\"   style=\"height: 100px\"><span class=\"vc_empty_space_inner\"><\/span><\/div><\/div><\/div><\/div><\/div>\n<\/div>","protected":false},"excerpt":{"rendered":"PREMIOS - VII Premio de Periodismo sobre Investigaci\u00f3n e Innovaci\u00f3n Tecnol\u00f3gica Finalidad de los proyectos El programa Espa\u00f1a Vuelta y Vuelta de RNE1, dirigido por Manolo<span class=\"excerpt-hellip\"> [\u2026]<\/span>","protected":false},"author":1,"featured_media":392,"comment_status":"open","ping_status":"open","sticky":false,"template":"","format":"standard","meta":{"footnotes":""},"categories":[1],"tags":[],"class_list":["post-397","post","type-post","status-publish","format-standard","has-post-thumbnail","hentry","category-actividades"],"yoast_head":"<!-- This site is optimized with the Yoast SEO plugin v24.9 - https:\/\/yoast.com\/wordpress\/plugins\/seo\/ -->\n<title>VII Premio de Periodismo sobre Investigaci\u00f3n e Innovaci\u00f3n Tecnol\u00f3gica - Apadrina la Ciencia<\/title>\n<meta name=\"robots\" content=\"index, follow, max-snippet:-1, max-image-preview:large, max-video-preview:-1\" \/>\n<link rel=\"canonical\" href=\"https:\/\/apadrinalaciencia.org\/en\/vii-premio-de-periodismo-sobre-investigacion-e-innovacion-tecnologica\/\" \/>\n<meta property=\"og:locale\" content=\"en_GB\" \/>\n<meta property=\"og:type\" content=\"article\" \/>\n<meta property=\"og:title\" content=\"VII Premio de Periodismo sobre Investigaci\u00f3n e Innovaci\u00f3n Tecnol\u00f3gica - Apadrina la Ciencia\" \/>\n<meta property=\"og:url\" content=\"https:\/\/apadrinalaciencia.org\/en\/vii-premio-de-periodismo-sobre-investigacion-e-innovacion-tecnologica\/\" \/>\n<meta property=\"og:site_name\" content=\"Apadrina la Ciencia\" \/>\n<meta property=\"article:published_time\" content=\"2013-11-17T10:19:44+00:00\" \/>\n<meta property=\"article:modified_time\" content=\"2019-11-17T10:33:20+00:00\" \/>\n<meta property=\"og:image\" content=\"https:\/\/apadrinalaciencia.org\/wp-content\/uploads\/2019\/11\/dab047_36215bc2eb6b4a6498262917cd70d6d7.jpg\" \/>\n\t<meta property=\"og:image:width\" content=\"892\" \/>\n\t<meta property=\"og:image:height\" content=\"324\" \/>\n\t<meta property=\"og:image:type\" content=\"image\/jpeg\" \/>\n<meta name=\"author\" content=\"user\" \/>\n<meta name=\"twitter:card\" content=\"summary_large_image\" \/>\n<meta name=\"twitter:label1\" content=\"Written by\" \/>\n\t<meta name=\"twitter:data1\" content=\"user\" \/>\n\t<meta name=\"twitter:label2\" content=\"Estimated reading time\" \/>\n\t<meta name=\"twitter:data2\" content=\"2 minutes\" \/>\n<script type=\"application\/ld+json\" class=\"yoast-schema-graph\">{\"@context\":\"https:\/\/schema.org\",\"@graph\":[{\"@type\":\"Article\",\"@id\":\"https:\/\/apadrinalaciencia.org\/vii-premio-de-periodismo-sobre-investigacion-e-innovacion-tecnologica#article\",\"isPartOf\":{\"@id\":\"https:\/\/apadrinalaciencia.org\/vii-premio-de-periodismo-sobre-investigacion-e-innovacion-tecnologica\"},\"author\":{\"name\":\"user\",\"@id\":\"https:\/\/apadrinalaciencia.org\/#\/schema\/person\/d59d752a3b3ba80ddbfef448f33b3c92\"},\"headline\":\"VII Premio de Periodismo sobre Investigaci\u00f3n e Innovaci\u00f3n Tecnol\u00f3gica\",\"datePublished\":\"2013-11-17T10:19:44+00:00\",\"dateModified\":\"2019-11-17T10:33:20+00:00\",\"mainEntityOfPage\":{\"@id\":\"https:\/\/apadrinalaciencia.org\/vii-premio-de-periodismo-sobre-investigacion-e-innovacion-tecnologica\"},\"wordCount\":368,\"commentCount\":0,\"publisher\":{\"@id\":\"https:\/\/apadrinalaciencia.org\/#organization\"},\"image\":{\"@id\":\"https:\/\/apadrinalaciencia.org\/vii-premio-de-periodismo-sobre-investigacion-e-innovacion-tecnologica#primaryimage\"},\"thumbnailUrl\":\"https:\/\/apadrinalaciencia.org\/wp-content\/uploads\/2019\/11\/dab047_36215bc2eb6b4a6498262917cd70d6d7.jpg\",\"articleSection\":[\"Actividades\"],\"inLanguage\":\"en-GB\",\"potentialAction\":[{\"@type\":\"CommentAction\",\"name\":\"Comment\",\"target\":[\"https:\/\/apadrinalaciencia.org\/vii-premio-de-periodismo-sobre-investigacion-e-innovacion-tecnologica#respond\"]}]},{\"@type\":\"WebPage\",\"@id\":\"https:\/\/apadrinalaciencia.org\/vii-premio-de-periodismo-sobre-investigacion-e-innovacion-tecnologica\",\"url\":\"https:\/\/apadrinalaciencia.org\/vii-premio-de-periodismo-sobre-investigacion-e-innovacion-tecnologica\",\"name\":\"VII Premio de Periodismo sobre Investigaci\u00f3n e Innovaci\u00f3n Tecnol\u00f3gica - Apadrina la Ciencia\",\"isPartOf\":{\"@id\":\"https:\/\/apadrinalaciencia.org\/#website\"},\"primaryImageOfPage\":{\"@id\":\"https:\/\/apadrinalaciencia.org\/vii-premio-de-periodismo-sobre-investigacion-e-innovacion-tecnologica#primaryimage\"},\"image\":{\"@id\":\"https:\/\/apadrinalaciencia.org\/vii-premio-de-periodismo-sobre-investigacion-e-innovacion-tecnologica#primaryimage\"},\"thumbnailUrl\":\"https:\/\/apadrinalaciencia.org\/wp-content\/uploads\/2019\/11\/dab047_36215bc2eb6b4a6498262917cd70d6d7.jpg\",\"datePublished\":\"2013-11-17T10:19:44+00:00\",\"dateModified\":\"2019-11-17T10:33:20+00:00\",\"breadcrumb\":{\"@id\":\"https:\/\/apadrinalaciencia.org\/vii-premio-de-periodismo-sobre-investigacion-e-innovacion-tecnologica#breadcrumb\"},\"inLanguage\":\"en-GB\",\"potentialAction\":[{\"@type\":\"ReadAction\",\"target\":[\"https:\/\/apadrinalaciencia.org\/vii-premio-de-periodismo-sobre-investigacion-e-innovacion-tecnologica\"]}]},{\"@type\":\"ImageObject\",\"inLanguage\":\"en-GB\",\"@id\":\"https:\/\/apadrinalaciencia.org\/vii-premio-de-periodismo-sobre-investigacion-e-innovacion-tecnologica#primaryimage\",\"url\":\"https:\/\/apadrinalaciencia.org\/wp-content\/uploads\/2019\/11\/dab047_36215bc2eb6b4a6498262917cd70d6d7.jpg\",\"contentUrl\":\"https:\/\/apadrinalaciencia.org\/wp-content\/uploads\/2019\/11\/dab047_36215bc2eb6b4a6498262917cd70d6d7.jpg\",\"width\":892,\"height\":324},{\"@type\":\"BreadcrumbList\",\"@id\":\"https:\/\/apadrinalaciencia.org\/vii-premio-de-periodismo-sobre-investigacion-e-innovacion-tecnologica#breadcrumb\",\"itemListElement\":[{\"@type\":\"ListItem\",\"position\":1,\"name\":\"Home\",\"item\":\"https:\/\/apadrinalaciencia.org\/\"},{\"@type\":\"ListItem\",\"position\":2,\"name\":\"VII Premio de Periodismo sobre Investigaci\u00f3n e Innovaci\u00f3n Tecnol\u00f3gica\"}]},{\"@type\":\"WebSite\",\"@id\":\"https:\/\/apadrinalaciencia.org\/#website\",\"url\":\"https:\/\/apadrinalaciencia.org\/\",\"name\":\"Apadrina la Ciencia\",\"description\":\"Ayudando a la investigaci\u00f3n construimos el futuro\",\"publisher\":{\"@id\":\"https:\/\/apadrinalaciencia.org\/#organization\"},\"potentialAction\":[{\"@type\":\"SearchAction\",\"target\":{\"@type\":\"EntryPoint\",\"urlTemplate\":\"https:\/\/apadrinalaciencia.org\/?s={search_term_string}\"},\"query-input\":{\"@type\":\"PropertyValueSpecification\",\"valueRequired\":true,\"valueName\":\"search_term_string\"}}],\"inLanguage\":\"en-GB\"},{\"@type\":\"Organization\",\"@id\":\"https:\/\/apadrinalaciencia.org\/#organization\",\"name\":\"Apadrina la Ciencia\",\"url\":\"https:\/\/apadrinalaciencia.org\/\",\"logo\":{\"@type\":\"ImageObject\",\"inLanguage\":\"en-GB\",\"@id\":\"https:\/\/apadrinalaciencia.org\/#\/schema\/logo\/image\/\",\"url\":\"https:\/\/apadrinalaciencia.org\/wp-content\/uploads\/2019\/10\/cropped-logo-apadrina-la-ciencia.png\",\"contentUrl\":\"https:\/\/apadrinalaciencia.org\/wp-content\/uploads\/2019\/10\/cropped-logo-apadrina-la-ciencia.png\",\"width\":374,\"height\":212,\"caption\":\"Apadrina la Ciencia\"},\"image\":{\"@id\":\"https:\/\/apadrinalaciencia.org\/#\/schema\/logo\/image\/\"}},{\"@type\":\"Person\",\"@id\":\"https:\/\/apadrinalaciencia.org\/#\/schema\/person\/d59d752a3b3ba80ddbfef448f33b3c92\",\"name\":\"user\",\"image\":{\"@type\":\"ImageObject\",\"inLanguage\":\"en-GB\",\"@id\":\"https:\/\/apadrinalaciencia.org\/#\/schema\/person\/image\/\",\"url\":\"https:\/\/secure.gravatar.com\/avatar\/b4c9a289323b21a01c3e940f150eb9b8c542587f1abfd8f0e1cc1ffc5e475514?s=96&d=mm&r=g\",\"contentUrl\":\"https:\/\/secure.gravatar.com\/avatar\/b4c9a289323b21a01c3e940f150eb9b8c542587f1abfd8f0e1cc1ffc5e475514?s=96&d=mm&r=g\",\"caption\":\"user\"},\"url\":\"https:\/\/apadrinalaciencia.org\/en\/author\/user\"}]}<\/script>\n<!-- \/ Yoast SEO plugin. -->","yoast_head_json":{"title":"VII Premio de Periodismo sobre Investigaci\u00f3n e Innovaci\u00f3n Tecnol\u00f3gica - Apadrina la Ciencia","robots":{"index":"index","follow":"follow","max-snippet":"max-snippet:-1","max-image-preview":"max-image-preview:large","max-video-preview":"max-video-preview:-1"},"canonical":"https:\/\/apadrinalaciencia.org\/en\/vii-premio-de-periodismo-sobre-investigacion-e-innovacion-tecnologica\/","og_locale":"en_GB","og_type":"article","og_title":"VII Premio de Periodismo sobre Investigaci\u00f3n e Innovaci\u00f3n Tecnol\u00f3gica - Apadrina la Ciencia","og_url":"https:\/\/apadrinalaciencia.org\/en\/vii-premio-de-periodismo-sobre-investigacion-e-innovacion-tecnologica\/","og_site_name":"Apadrina la Ciencia","article_published_time":"2013-11-17T10:19:44+00:00","article_modified_time":"2019-11-17T10:33:20+00:00","og_image":[{"width":892,"height":324,"url":"https:\/\/apadrinalaciencia.org\/wp-content\/uploads\/2019\/11\/dab047_36215bc2eb6b4a6498262917cd70d6d7.jpg","type":"image\/jpeg"}],"author":"user","twitter_card":"summary_large_image","twitter_misc":{"Written by":"user","Estimated reading time":"2 minutes"},"schema":{"@context":"https:\/\/schema.org","@graph":[{"@type":"Article","@id":"https:\/\/apadrinalaciencia.org\/vii-premio-de-periodismo-sobre-investigacion-e-innovacion-tecnologica#article","isPartOf":{"@id":"https:\/\/apadrinalaciencia.org\/vii-premio-de-periodismo-sobre-investigacion-e-innovacion-tecnologica"},"author":{"name":"user","@id":"https:\/\/apadrinalaciencia.org\/#\/schema\/person\/d59d752a3b3ba80ddbfef448f33b3c92"},"headline":"VII Premio de Periodismo sobre Investigaci\u00f3n e Innovaci\u00f3n Tecnol\u00f3gica","datePublished":"2013-11-17T10:19:44+00:00","dateModified":"2019-11-17T10:33:20+00:00","mainEntityOfPage":{"@id":"https:\/\/apadrinalaciencia.org\/vii-premio-de-periodismo-sobre-investigacion-e-innovacion-tecnologica"},"wordCount":368,"commentCount":0,"publisher":{"@id":"https:\/\/apadrinalaciencia.org\/#organization"},"image":{"@id":"https:\/\/apadrinalaciencia.org\/vii-premio-de-periodismo-sobre-investigacion-e-innovacion-tecnologica#primaryimage"},"thumbnailUrl":"https:\/\/apadrinalaciencia.org\/wp-content\/uploads\/2019\/11\/dab047_36215bc2eb6b4a6498262917cd70d6d7.jpg","articleSection":["Actividades"],"inLanguage":"en-GB","potentialAction":[{"@type":"CommentAction","name":"Comment","target":["https:\/\/apadrinalaciencia.org\/vii-premio-de-periodismo-sobre-investigacion-e-innovacion-tecnologica#respond"]}]},{"@type":"WebPage","@id":"https:\/\/apadrinalaciencia.org\/vii-premio-de-periodismo-sobre-investigacion-e-innovacion-tecnologica","url":"https:\/\/apadrinalaciencia.org\/vii-premio-de-periodismo-sobre-investigacion-e-innovacion-tecnologica","name":"VII Premio de Periodismo sobre Investigaci\u00f3n e Innovaci\u00f3n Tecnol\u00f3gica - Apadrina la Ciencia","isPartOf":{"@id":"https:\/\/apadrinalaciencia.org\/#website"},"primaryImageOfPage":{"@id":"https:\/\/apadrinalaciencia.org\/vii-premio-de-periodismo-sobre-investigacion-e-innovacion-tecnologica#primaryimage"},"image":{"@id":"https:\/\/apadrinalaciencia.org\/vii-premio-de-periodismo-sobre-investigacion-e-innovacion-tecnologica#primaryimage"},"thumbnailUrl":"https:\/\/apadrinalaciencia.org\/wp-content\/uploads\/2019\/11\/dab047_36215bc2eb6b4a6498262917cd70d6d7.jpg","datePublished":"2013-11-17T10:19:44+00:00","dateModified":"2019-11-17T10:33:20+00:00","breadcrumb":{"@id":"https:\/\/apadrinalaciencia.org\/vii-premio-de-periodismo-sobre-investigacion-e-innovacion-tecnologica#breadcrumb"},"inLanguage":"en-GB","potentialAction":[{"@type":"ReadAction","target":["https:\/\/apadrinalaciencia.org\/vii-premio-de-periodismo-sobre-investigacion-e-innovacion-tecnologica"]}]},{"@type":"ImageObject","inLanguage":"en-GB","@id":"https:\/\/apadrinalaciencia.org\/vii-premio-de-periodismo-sobre-investigacion-e-innovacion-tecnologica#primaryimage","url":"https:\/\/apadrinalaciencia.org\/wp-content\/uploads\/2019\/11\/dab047_36215bc2eb6b4a6498262917cd70d6d7.jpg","contentUrl":"https:\/\/apadrinalaciencia.org\/wp-content\/uploads\/2019\/11\/dab047_36215bc2eb6b4a6498262917cd70d6d7.jpg","width":892,"height":324},{"@type":"BreadcrumbList","@id":"https:\/\/apadrinalaciencia.org\/vii-premio-de-periodismo-sobre-investigacion-e-innovacion-tecnologica#breadcrumb","itemListElement":[{"@type":"ListItem","position":1,"name":"Home","item":"https:\/\/apadrinalaciencia.org\/"},{"@type":"ListItem","position":2,"name":"VII Premio de Periodismo sobre Investigaci\u00f3n e Innovaci\u00f3n Tecnol\u00f3gica"}]},{"@type":"WebSite","@id":"https:\/\/apadrinalaciencia.org\/#website","url":"https:\/\/apadrinalaciencia.org\/","name":"Apadrina la Ciencia","description":"Ayudando a la investigaci\u00f3n construimos el futuro","publisher":{"@id":"https:\/\/apadrinalaciencia.org\/#organization"},"potentialAction":[{"@type":"SearchAction","target":{"@type":"EntryPoint","urlTemplate":"https:\/\/apadrinalaciencia.org\/?s={search_term_string}"},"query-input":{"@type":"PropertyValueSpecification","valueRequired":true,"valueName":"search_term_string"}}],"inLanguage":"en-GB"},{"@type":"Organization","@id":"https:\/\/apadrinalaciencia.org\/#organization","name":"Apadrina la Ciencia","url":"https:\/\/apadrinalaciencia.org\/","logo":{"@type":"ImageObject","inLanguage":"en-GB","@id":"https:\/\/apadrinalaciencia.org\/#\/schema\/logo\/image\/","url":"https:\/\/apadrinalaciencia.org\/wp-content\/uploads\/2019\/10\/cropped-logo-apadrina-la-ciencia.png","contentUrl":"https:\/\/apadrinalaciencia.org\/wp-content\/uploads\/2019\/10\/cropped-logo-apadrina-la-ciencia.png","width":374,"height":212,"caption":"Apadrina la Ciencia"},"image":{"@id":"https:\/\/apadrinalaciencia.org\/#\/schema\/logo\/image\/"}},{"@type":"Person","@id":"https:\/\/apadrinalaciencia.org\/#\/schema\/person\/d59d752a3b3ba80ddbfef448f33b3c92","name":"user","image":{"@type":"ImageObject","inLanguage":"en-GB","@id":"https:\/\/apadrinalaciencia.org\/#\/schema\/person\/image\/","url":"https:\/\/secure.gravatar.com\/avatar\/b4c9a289323b21a01c3e940f150eb9b8c542587f1abfd8f0e1cc1ffc5e475514?s=96&d=mm&r=g","contentUrl":"https:\/\/secure.gravatar.com\/avatar\/b4c9a289323b21a01c3e940f150eb9b8c542587f1abfd8f0e1cc1ffc5e475514?s=96&d=mm&r=g","caption":"user"},"url":"https:\/\/apadrinalaciencia.org\/en\/author\/user"}]}},"jetpack_featured_media_url":"https:\/\/apadrinalaciencia.org\/wp-content\/uploads\/2019\/11\/dab047_36215bc2eb6b4a6498262917cd70d6d7.jpg","_links":{"self":[{"href":"https:\/\/apadrinalaciencia.org\/en\/wp-json\/wp\/v2\/posts\/397","targetHints":{"allow":["GET"]}}],"collection":[{"href":"https:\/\/apadrinalaciencia.org\/en\/wp-json\/wp\/v2\/posts"}],"about":[{"href":"https:\/\/apadrinalaciencia.org\/en\/wp-json\/wp\/v2\/types\/post"}],"author":[{"embeddable":true,"href":"https:\/\/apadrinalaciencia.org\/en\/wp-json\/wp\/v2\/users\/1"}],"replies":[{"embeddable":true,"href":"https:\/\/apadrinalaciencia.org\/en\/wp-json\/wp\/v2\/comments?post=397"}],"version-history":[{"count":1,"href":"https:\/\/apadrinalaciencia.org\/en\/wp-json\/wp\/v2\/posts\/397\/revisions"}],"predecessor-version":[{"id":398,"href":"https:\/\/apadrinalaciencia.org\/en\/wp-json\/wp\/v2\/posts\/397\/revisions\/398"}],"wp:featuredmedia":[{"embeddable":true,"href":"https:\/\/apadrinalaciencia.org\/en\/wp-json\/wp\/v2\/media\/392"}],"wp:attachment":[{"href":"https:\/\/apadrinalaciencia.org\/en\/wp-json\/wp\/v2\/media?parent=397"}],"wp:term":[{"taxonomy":"category","embeddable":true,"href":"https:\/\/apadrinalaciencia.org\/en\/wp-json\/wp\/v2\/categories?post=397"},{"taxonomy":"post_tag","embeddable":true,"href":"https:\/\/apadrinalaciencia.org\/en\/wp-json\/wp\/v2\/tags?post=397"}],"curies":[{"name":"wp","href":"https:\/\/api.w.org\/{rel}","templated":true}]}}