{"id":234,"date":"2019-10-01T12:13:10","date_gmt":"2019-10-01T12:13:10","guid":{"rendered":"https:\/\/apadrinalaciencia.org\/?p=234"},"modified":"2019-11-17T11:15:37","modified_gmt":"2019-11-17T11:15:37","slug":"premio-cosce-2019","status":"publish","type":"post","link":"https:\/\/apadrinalaciencia.org\/en\/premio-cosce-2019","title":{"rendered":"Carmen Sim\u00f3n, Premio COSCE 2019 a la Difusi\u00f3n de la Ciencia"},"content":{"rendered":"<div class=\"wpb-content-wrapper\"><div class=\"vc_row wpb_row vc_row-fluid\"><div class=\"wpb_column vc_column_container vc_col-sm-12\"><div class=\"vc_column-inner\"><div class=\"wpb_wrapper\"><div class=\"vc_empty_space\"   style=\"height: 100px\"><span class=\"vc_empty_space_inner\"><\/span><\/div><h6 style=\"color: #ecbe49;text-align: left;font-family:Quicksand;font-weight:400;font-style:normal\" class=\"vc_custom_heading vc_do_custom_heading\" >ACTUALIDAD -<\/h6><\/div><\/div><\/div><\/div><div class=\"vc_row wpb_row vc_row-fluid\"><div class=\"wpb_column vc_column_container vc_col-sm-12\"><div class=\"vc_column-inner\"><div class=\"wpb_wrapper\"><div class=\"vc_separator wpb_content_element vc_separator_align_center vc_sep_width_100 vc_sep_pos_align_center vc_separator_no_text vc_sep_color_black wpb_content_element  wpb_content_element\" ><span class=\"vc_sep_holder vc_sep_holder_l\"><span class=\"vc_sep_line\"><\/span><\/span><span class=\"vc_sep_holder vc_sep_holder_r\"><span class=\"vc_sep_line\"><\/span><\/span>\n<\/div><div class=\"vc_row wpb_row vc_inner vc_row-fluid vc_row-o-content-middle vc_row-flex\"><div class=\"wpb_column vc_column_container vc_col-sm-8\"><div class=\"vc_column-inner\"><div class=\"wpb_wrapper\"><h3 style=\"text-align: left\" class=\"vc_custom_heading vc_do_custom_heading\" >Carmen Sim\u00f3n,<br \/>\nPremio COSCE 2019<br \/>\na la Difusi\u00f3n de la Ciencia<\/h3><\/div><\/div><\/div><div class=\"wpb_column vc_column_container vc_col-sm-2\"><div class=\"vc_column-inner\"><div class=\"wpb_wrapper\"><\/div><\/div><\/div><div class=\"wpb_column vc_column_container vc_col-sm-2\"><div class=\"vc_column-inner\"><div class=\"wpb_wrapper\"><\/div><\/div><\/div><\/div><div class=\"vc_separator wpb_content_element vc_separator_align_center vc_sep_width_100 vc_sep_pos_align_center vc_separator_no_text vc_sep_color_black wpb_content_element  wpb_content_element\" ><span class=\"vc_sep_holder vc_sep_holder_l\"><span class=\"vc_sep_line\"><\/span><\/span><span class=\"vc_sep_holder vc_sep_holder_r\"><span class=\"vc_sep_line\"><\/span><\/span>\n<\/div><\/div><\/div><\/div><\/div><div class=\"vc_row wpb_row vc_row-fluid\"><div class=\"wpb_column vc_column_container vc_col-sm-12\"><div class=\"vc_column-inner\"><div class=\"wpb_wrapper\"><div class=\"vc_empty_space\"   style=\"height: 20px\"><span class=\"vc_empty_space_inner\"><\/span><\/div><\/div><\/div><\/div><\/div><div class=\"vc_row wpb_row vc_row-fluid\"><div class=\"wpb_column vc_column_container vc_col-sm-2\"><div class=\"vc_column-inner\"><div class=\"wpb_wrapper\"><\/div><\/div><\/div><div class=\"wpb_column vc_column_container vc_col-sm-4\"><div class=\"vc_column-inner\"><div class=\"wpb_wrapper\">\n\t<div  class=\"wpb_single_image wpb_content_element vc_align_left wpb_content_element\">\n\t\t\n\t\t<figure class=\"wpb_wrapper vc_figure\">\n\t\t\t<div class=\"vc_single_image-wrapper   vc_box_border_grey\"><img loading=\"lazy\" decoding=\"async\" width=\"898\" height=\"672\" src=\"https:\/\/apadrinalaciencia.org\/wp-content\/uploads\/2019\/10\/Cosce-primera.jpg\" class=\"vc_single_image-img attachment-full\" alt=\"\" title=\"Cosce primera\" srcset=\"https:\/\/apadrinalaciencia.org\/wp-content\/uploads\/2019\/10\/Cosce-primera.jpg 898w, https:\/\/apadrinalaciencia.org\/wp-content\/uploads\/2019\/10\/Cosce-primera-300x224.jpg 300w, https:\/\/apadrinalaciencia.org\/wp-content\/uploads\/2019\/10\/Cosce-primera-768x575.jpg 768w, https:\/\/apadrinalaciencia.org\/wp-content\/uploads\/2019\/10\/Cosce-primera-195x146.jpg 195w, https:\/\/apadrinalaciencia.org\/wp-content\/uploads\/2019\/10\/Cosce-primera-50x37.jpg 50w, https:\/\/apadrinalaciencia.org\/wp-content\/uploads\/2019\/10\/Cosce-primera-100x75.jpg 100w\" sizes=\"auto, (max-width:767px) 480px, (max-width:898px) 100vw, 898px\" \/><\/div>\n\t\t<\/figure>\n\t<\/div>\n\n\t<div class=\"wpb_text_column wpb_content_element\" >\n\t\t<div class=\"wpb_wrapper\">\n\t\t\t<p>De izq a derecha: <strong>Nazario Mart\u00edn<\/strong> (presidente saliente de la Cosce), <strong>Carmen Sim\u00f3n\u00a0<\/strong>(presidenta Apadrina la Ciencia) y <strong>Perla Wahn\u00f3n<\/strong> (presidente actual de la Cosce)<\/p>\n\n\t\t<\/div>\n\t<\/div>\n<\/div><\/div><\/div><div class=\"wpb_column vc_column_container vc_col-sm-4\"><div class=\"vc_column-inner\"><div class=\"wpb_wrapper\">\n\t<div class=\"wpb_text_column wpb_content_element\" >\n\t\t<div class=\"wpb_wrapper\">\n\t\t\t<p class=\"font_8\">Nuestra presidenta y fundadora,\u00a0<strong>Carmen Sim\u00f3n Mateo<\/strong>, ha sido galardonada con el\u00a0<a href=\"https:\/\/www.cosce.org\/carmen-simon-mateo-premio-cosce-2019-a-la-difusion-de-la-ciencia\/\"><strong>Premio COSCE 2019<\/strong><\/a>\u00a0a la Difusi\u00f3n de la Ciencia\u00a0otorgado por la Confederaci\u00f3n de Sociedades Cient\u00edficas de Espa\u00f1a (Cosce) que agrupa a m\u00e1s de 40.000 cient\u00edficos de Espa\u00f1a de todas las \u00e1reas del conocimiento.<\/p>\n\n\t\t<\/div>\n\t<\/div>\n\n\t<div class=\"wpb_text_column wpb_content_element\" >\n\t\t<div class=\"wpb_wrapper\">\n\t\t\t<p>Este premio es un reconocimiento a\u00a0las\u00a0m\u00faltiples participaciones en medios de comunicaci\u00f3n (radio, televisi\u00f3n, charla TEDx y RRSS), a\u00a0la\u00a0labor en la\u00a0b\u00fasqueda activa de aportaciones de donantes particulares, fundaciones y empresas\u00a0y tambi\u00e9n a la organizaci\u00f3n de actividades cient\u00edficas para ni\u00f1os\u00a0que realizamos todo el equipo de\u00a0Apadrina la Ciencia\u00a0con la ayuda de todos los voluntarios que nos apoyan.<\/p>\n\n\t\t<\/div>\n\t<\/div>\n<\/div><\/div><\/div><div class=\"wpb_column vc_column_container vc_col-sm-2\"><div class=\"vc_column-inner\"><div class=\"wpb_wrapper\"><\/div><\/div><\/div><\/div><div class=\"vc_row wpb_row vc_row-fluid\"><div class=\"wpb_column vc_column_container vc_col-sm-12\"><div class=\"vc_column-inner\"><div class=\"wpb_wrapper\"><div class=\"vc_separator wpb_content_element vc_separator_align_center vc_sep_width_100 vc_sep_pos_align_center vc_separator_no_text vc_sep_color_black wpb_content_element  wpb_content_element\" ><span class=\"vc_sep_holder vc_sep_holder_l\"><span class=\"vc_sep_line\"><\/span><\/span><span class=\"vc_sep_holder vc_sep_holder_r\"><span class=\"vc_sep_line\"><\/span><\/span>\n<\/div><\/div><\/div><\/div><\/div><div class=\"vc_row wpb_row vc_row-fluid vc_row-o-content-middle vc_row-flex\"><div class=\"wpb_column vc_column_container vc_col-sm-4\"><div class=\"vc_column-inner\"><div class=\"wpb_wrapper\"><\/div><\/div><\/div><div class=\"wpb_column vc_column_container vc_col-sm-4\"><div class=\"vc_column-inner\"><div class=\"wpb_wrapper\"><div class=\"vc_btn3-container vc_btn3-center vc_do_btn\" ><a style=\"background-color:#d0e5ec; color:#000000;\" class=\"vc_general vc_btn3 vc_btn3-size-md vc_btn3-shape-rounded vc_btn3-style-custom vc_btn3-icon-left\" href=\"https:\/\/www.youtube.com\/watch?v=kj9Qv6COrFU&#038;feature=youtu.be\" title=\"\" target=\"_blank\"><i class=\"vc_btn3-icon fa fa-video-camera\"><\/i> V\u00eddeo de la conferencia<\/a><\/div><\/div><\/div><\/div><div class=\"wpb_column vc_column_container vc_col-sm-4\"><div class=\"vc_column-inner\"><div class=\"wpb_wrapper\"><\/div><\/div><\/div><\/div><div class=\"vc_row wpb_row vc_row-fluid\"><div class=\"wpb_column vc_column_container vc_col-sm-12\"><div class=\"vc_column-inner\"><div class=\"wpb_wrapper\"><div class=\"vc_separator wpb_content_element vc_separator_align_center vc_sep_width_100 vc_sep_pos_align_center vc_separator_no_text vc_sep_color_black wpb_content_element  wpb_content_element\" ><span class=\"vc_sep_holder vc_sep_holder_l\"><span class=\"vc_sep_line\"><\/span><\/span><span class=\"vc_sep_holder vc_sep_holder_r\"><span class=\"vc_sep_line\"><\/span><\/span>\n<\/div><h4 style=\"color: #ecbe49;text-align: center;font-family:Quicksand;font-weight:400;font-style:normal\" class=\"vc_custom_heading vc_do_custom_heading wpb_animate_when_almost_visible wpb_fadeIn fadeIn\" >\u00a1ENHORABUENA CARMEN!<\/h4><\/div><\/div><\/div><\/div><div class=\"vc_row wpb_row vc_row-fluid\"><div class=\"wpb_column vc_column_container vc_col-sm-12\"><div class=\"vc_column-inner\"><div class=\"wpb_wrapper\"><div class=\"vc_empty_space\"   style=\"height: 100px\"><span class=\"vc_empty_space_inner\"><\/span><\/div><\/div><\/div><\/div><\/div>\n<\/div>","protected":false},"excerpt":{"rendered":"ACTUALIDAD - Carmen Sim\u00f3n, Premio COSCE 2019 a la Difusi\u00f3n de la Ciencia De izq a derecha: Nazario Mart\u00edn (presidente saliente de la Cosce), Carmen Sim\u00f3n\u00a0(presidenta<span class=\"excerpt-hellip\"> [\u2026]<\/span>","protected":false},"author":1,"featured_media":235,"comment_status":"open","ping_status":"open","sticky":false,"template":"","format":"standard","meta":{"footnotes":""},"categories":[12],"tags":[],"class_list":["post-234","post","type-post","status-publish","format-standard","has-post-thumbnail","hentry","category-actualidad"],"yoast_head":"<!-- This site is optimized with the Yoast SEO plugin v24.9 - https:\/\/yoast.com\/wordpress\/plugins\/seo\/ -->\n<title>Carmen Sim\u00f3n, Premio COSCE 2019 a la Difusi\u00f3n de la Ciencia - Apadrina la Ciencia<\/title>\n<meta name=\"robots\" content=\"index, follow, max-snippet:-1, max-image-preview:large, max-video-preview:-1\" \/>\n<link rel=\"canonical\" href=\"https:\/\/apadrinalaciencia.org\/en\/premio-cosce-2019\/\" \/>\n<meta property=\"og:locale\" content=\"en_GB\" \/>\n<meta property=\"og:type\" content=\"article\" \/>\n<meta property=\"og:title\" content=\"Carmen Sim\u00f3n, Premio COSCE 2019 a la Difusi\u00f3n de la Ciencia - Apadrina la Ciencia\" \/>\n<meta property=\"og:url\" content=\"https:\/\/apadrinalaciencia.org\/en\/premio-cosce-2019\/\" \/>\n<meta property=\"og:site_name\" content=\"Apadrina la Ciencia\" \/>\n<meta property=\"article:published_time\" content=\"2019-10-01T12:13:10+00:00\" \/>\n<meta property=\"article:modified_time\" content=\"2019-11-17T11:15:37+00:00\" \/>\n<meta property=\"og:image\" content=\"https:\/\/apadrinalaciencia.org\/wp-content\/uploads\/2019\/10\/Cosce-primera.jpg\" \/>\n\t<meta property=\"og:image:width\" content=\"898\" \/>\n\t<meta property=\"og:image:height\" content=\"672\" \/>\n\t<meta property=\"og:image:type\" content=\"image\/jpeg\" \/>\n<meta name=\"author\" content=\"user\" \/>\n<meta name=\"twitter:card\" content=\"summary_large_image\" \/>\n<meta name=\"twitter:label1\" content=\"Written by\" \/>\n\t<meta name=\"twitter:data1\" content=\"user\" \/>\n\t<meta name=\"twitter:label2\" content=\"Estimated reading time\" \/>\n\t<meta name=\"twitter:data2\" content=\"2 minutes\" \/>\n<script type=\"application\/ld+json\" class=\"yoast-schema-graph\">{\"@context\":\"https:\/\/schema.org\",\"@graph\":[{\"@type\":\"Article\",\"@id\":\"https:\/\/apadrinalaciencia.org\/premio-cosce-2019#article\",\"isPartOf\":{\"@id\":\"https:\/\/apadrinalaciencia.org\/premio-cosce-2019\"},\"author\":{\"name\":\"user\",\"@id\":\"https:\/\/apadrinalaciencia.org\/#\/schema\/person\/d59d752a3b3ba80ddbfef448f33b3c92\"},\"headline\":\"Carmen Sim\u00f3n, Premio COSCE 2019 a la Difusi\u00f3n de la Ciencia\",\"datePublished\":\"2019-10-01T12:13:10+00:00\",\"dateModified\":\"2019-11-17T11:15:37+00:00\",\"mainEntityOfPage\":{\"@id\":\"https:\/\/apadrinalaciencia.org\/premio-cosce-2019\"},\"wordCount\":471,\"commentCount\":0,\"publisher\":{\"@id\":\"https:\/\/apadrinalaciencia.org\/#organization\"},\"image\":{\"@id\":\"https:\/\/apadrinalaciencia.org\/premio-cosce-2019#primaryimage\"},\"thumbnailUrl\":\"https:\/\/apadrinalaciencia.org\/wp-content\/uploads\/2019\/10\/Cosce-primera.jpg\",\"articleSection\":[\"Actualidad\"],\"inLanguage\":\"en-GB\",\"potentialAction\":[{\"@type\":\"CommentAction\",\"name\":\"Comment\",\"target\":[\"https:\/\/apadrinalaciencia.org\/premio-cosce-2019#respond\"]}]},{\"@type\":\"WebPage\",\"@id\":\"https:\/\/apadrinalaciencia.org\/premio-cosce-2019\",\"url\":\"https:\/\/apadrinalaciencia.org\/premio-cosce-2019\",\"name\":\"Carmen Sim\u00f3n, Premio COSCE 2019 a la Difusi\u00f3n de la Ciencia - Apadrina la Ciencia\",\"isPartOf\":{\"@id\":\"https:\/\/apadrinalaciencia.org\/#website\"},\"primaryImageOfPage\":{\"@id\":\"https:\/\/apadrinalaciencia.org\/premio-cosce-2019#primaryimage\"},\"image\":{\"@id\":\"https:\/\/apadrinalaciencia.org\/premio-cosce-2019#primaryimage\"},\"thumbnailUrl\":\"https:\/\/apadrinalaciencia.org\/wp-content\/uploads\/2019\/10\/Cosce-primera.jpg\",\"datePublished\":\"2019-10-01T12:13:10+00:00\",\"dateModified\":\"2019-11-17T11:15:37+00:00\",\"breadcrumb\":{\"@id\":\"https:\/\/apadrinalaciencia.org\/premio-cosce-2019#breadcrumb\"},\"inLanguage\":\"en-GB\",\"potentialAction\":[{\"@type\":\"ReadAction\",\"target\":[\"https:\/\/apadrinalaciencia.org\/premio-cosce-2019\"]}]},{\"@type\":\"ImageObject\",\"inLanguage\":\"en-GB\",\"@id\":\"https:\/\/apadrinalaciencia.org\/premio-cosce-2019#primaryimage\",\"url\":\"https:\/\/apadrinalaciencia.org\/wp-content\/uploads\/2019\/10\/Cosce-primera.jpg\",\"contentUrl\":\"https:\/\/apadrinalaciencia.org\/wp-content\/uploads\/2019\/10\/Cosce-primera.jpg\",\"width\":898,\"height\":672},{\"@type\":\"BreadcrumbList\",\"@id\":\"https:\/\/apadrinalaciencia.org\/premio-cosce-2019#breadcrumb\",\"itemListElement\":[{\"@type\":\"ListItem\",\"position\":1,\"name\":\"Home\",\"item\":\"https:\/\/apadrinalaciencia.org\/\"},{\"@type\":\"ListItem\",\"position\":2,\"name\":\"Carmen Sim\u00f3n, Premio COSCE 2019 a la Difusi\u00f3n de la Ciencia\"}]},{\"@type\":\"WebSite\",\"@id\":\"https:\/\/apadrinalaciencia.org\/#website\",\"url\":\"https:\/\/apadrinalaciencia.org\/\",\"name\":\"Apadrina la Ciencia\",\"description\":\"Ayudando a la investigaci\u00f3n construimos el futuro\",\"publisher\":{\"@id\":\"https:\/\/apadrinalaciencia.org\/#organization\"},\"potentialAction\":[{\"@type\":\"SearchAction\",\"target\":{\"@type\":\"EntryPoint\",\"urlTemplate\":\"https:\/\/apadrinalaciencia.org\/?s={search_term_string}\"},\"query-input\":{\"@type\":\"PropertyValueSpecification\",\"valueRequired\":true,\"valueName\":\"search_term_string\"}}],\"inLanguage\":\"en-GB\"},{\"@type\":\"Organization\",\"@id\":\"https:\/\/apadrinalaciencia.org\/#organization\",\"name\":\"Apadrina la Ciencia\",\"url\":\"https:\/\/apadrinalaciencia.org\/\",\"logo\":{\"@type\":\"ImageObject\",\"inLanguage\":\"en-GB\",\"@id\":\"https:\/\/apadrinalaciencia.org\/#\/schema\/logo\/image\/\",\"url\":\"https:\/\/apadrinalaciencia.org\/wp-content\/uploads\/2019\/10\/cropped-logo-apadrina-la-ciencia.png\",\"contentUrl\":\"https:\/\/apadrinalaciencia.org\/wp-content\/uploads\/2019\/10\/cropped-logo-apadrina-la-ciencia.png\",\"width\":374,\"height\":212,\"caption\":\"Apadrina la Ciencia\"},\"image\":{\"@id\":\"https:\/\/apadrinalaciencia.org\/#\/schema\/logo\/image\/\"}},{\"@type\":\"Person\",\"@id\":\"https:\/\/apadrinalaciencia.org\/#\/schema\/person\/d59d752a3b3ba80ddbfef448f33b3c92\",\"name\":\"user\",\"image\":{\"@type\":\"ImageObject\",\"inLanguage\":\"en-GB\",\"@id\":\"https:\/\/apadrinalaciencia.org\/#\/schema\/person\/image\/\",\"url\":\"https:\/\/secure.gravatar.com\/avatar\/b4c9a289323b21a01c3e940f150eb9b8c542587f1abfd8f0e1cc1ffc5e475514?s=96&d=mm&r=g\",\"contentUrl\":\"https:\/\/secure.gravatar.com\/avatar\/b4c9a289323b21a01c3e940f150eb9b8c542587f1abfd8f0e1cc1ffc5e475514?s=96&d=mm&r=g\",\"caption\":\"user\"},\"url\":\"https:\/\/apadrinalaciencia.org\/en\/author\/user\"}]}<\/script>\n<!-- \/ Yoast SEO plugin. -->","yoast_head_json":{"title":"Carmen Sim\u00f3n, Premio COSCE 2019 a la Difusi\u00f3n de la Ciencia - Apadrina la Ciencia","robots":{"index":"index","follow":"follow","max-snippet":"max-snippet:-1","max-image-preview":"max-image-preview:large","max-video-preview":"max-video-preview:-1"},"canonical":"https:\/\/apadrinalaciencia.org\/en\/premio-cosce-2019\/","og_locale":"en_GB","og_type":"article","og_title":"Carmen Sim\u00f3n, Premio COSCE 2019 a la Difusi\u00f3n de la Ciencia - Apadrina la Ciencia","og_url":"https:\/\/apadrinalaciencia.org\/en\/premio-cosce-2019\/","og_site_name":"Apadrina la Ciencia","article_published_time":"2019-10-01T12:13:10+00:00","article_modified_time":"2019-11-17T11:15:37+00:00","og_image":[{"width":898,"height":672,"url":"https:\/\/apadrinalaciencia.org\/wp-content\/uploads\/2019\/10\/Cosce-primera.jpg","type":"image\/jpeg"}],"author":"user","twitter_card":"summary_large_image","twitter_misc":{"Written by":"user","Estimated reading time":"2 minutes"},"schema":{"@context":"https:\/\/schema.org","@graph":[{"@type":"Article","@id":"https:\/\/apadrinalaciencia.org\/premio-cosce-2019#article","isPartOf":{"@id":"https:\/\/apadrinalaciencia.org\/premio-cosce-2019"},"author":{"name":"user","@id":"https:\/\/apadrinalaciencia.org\/#\/schema\/person\/d59d752a3b3ba80ddbfef448f33b3c92"},"headline":"Carmen Sim\u00f3n, Premio COSCE 2019 a la Difusi\u00f3n de la Ciencia","datePublished":"2019-10-01T12:13:10+00:00","dateModified":"2019-11-17T11:15:37+00:00","mainEntityOfPage":{"@id":"https:\/\/apadrinalaciencia.org\/premio-cosce-2019"},"wordCount":471,"commentCount":0,"publisher":{"@id":"https:\/\/apadrinalaciencia.org\/#organization"},"image":{"@id":"https:\/\/apadrinalaciencia.org\/premio-cosce-2019#primaryimage"},"thumbnailUrl":"https:\/\/apadrinalaciencia.org\/wp-content\/uploads\/2019\/10\/Cosce-primera.jpg","articleSection":["Actualidad"],"inLanguage":"en-GB","potentialAction":[{"@type":"CommentAction","name":"Comment","target":["https:\/\/apadrinalaciencia.org\/premio-cosce-2019#respond"]}]},{"@type":"WebPage","@id":"https:\/\/apadrinalaciencia.org\/premio-cosce-2019","url":"https:\/\/apadrinalaciencia.org\/premio-cosce-2019","name":"Carmen Sim\u00f3n, Premio COSCE 2019 a la Difusi\u00f3n de la Ciencia - Apadrina la Ciencia","isPartOf":{"@id":"https:\/\/apadrinalaciencia.org\/#website"},"primaryImageOfPage":{"@id":"https:\/\/apadrinalaciencia.org\/premio-cosce-2019#primaryimage"},"image":{"@id":"https:\/\/apadrinalaciencia.org\/premio-cosce-2019#primaryimage"},"thumbnailUrl":"https:\/\/apadrinalaciencia.org\/wp-content\/uploads\/2019\/10\/Cosce-primera.jpg","datePublished":"2019-10-01T12:13:10+00:00","dateModified":"2019-11-17T11:15:37+00:00","breadcrumb":{"@id":"https:\/\/apadrinalaciencia.org\/premio-cosce-2019#breadcrumb"},"inLanguage":"en-GB","potentialAction":[{"@type":"ReadAction","target":["https:\/\/apadrinalaciencia.org\/premio-cosce-2019"]}]},{"@type":"ImageObject","inLanguage":"en-GB","@id":"https:\/\/apadrinalaciencia.org\/premio-cosce-2019#primaryimage","url":"https:\/\/apadrinalaciencia.org\/wp-content\/uploads\/2019\/10\/Cosce-primera.jpg","contentUrl":"https:\/\/apadrinalaciencia.org\/wp-content\/uploads\/2019\/10\/Cosce-primera.jpg","width":898,"height":672},{"@type":"BreadcrumbList","@id":"https:\/\/apadrinalaciencia.org\/premio-cosce-2019#breadcrumb","itemListElement":[{"@type":"ListItem","position":1,"name":"Home","item":"https:\/\/apadrinalaciencia.org\/"},{"@type":"ListItem","position":2,"name":"Carmen Sim\u00f3n, Premio COSCE 2019 a la Difusi\u00f3n de la Ciencia"}]},{"@type":"WebSite","@id":"https:\/\/apadrinalaciencia.org\/#website","url":"https:\/\/apadrinalaciencia.org\/","name":"Apadrina la Ciencia","description":"Ayudando a la investigaci\u00f3n construimos el futuro","publisher":{"@id":"https:\/\/apadrinalaciencia.org\/#organization"},"potentialAction":[{"@type":"SearchAction","target":{"@type":"EntryPoint","urlTemplate":"https:\/\/apadrinalaciencia.org\/?s={search_term_string}"},"query-input":{"@type":"PropertyValueSpecification","valueRequired":true,"valueName":"search_term_string"}}],"inLanguage":"en-GB"},{"@type":"Organization","@id":"https:\/\/apadrinalaciencia.org\/#organization","name":"Apadrina la Ciencia","url":"https:\/\/apadrinalaciencia.org\/","logo":{"@type":"ImageObject","inLanguage":"en-GB","@id":"https:\/\/apadrinalaciencia.org\/#\/schema\/logo\/image\/","url":"https:\/\/apadrinalaciencia.org\/wp-content\/uploads\/2019\/10\/cropped-logo-apadrina-la-ciencia.png","contentUrl":"https:\/\/apadrinalaciencia.org\/wp-content\/uploads\/2019\/10\/cropped-logo-apadrina-la-ciencia.png","width":374,"height":212,"caption":"Apadrina la Ciencia"},"image":{"@id":"https:\/\/apadrinalaciencia.org\/#\/schema\/logo\/image\/"}},{"@type":"Person","@id":"https:\/\/apadrinalaciencia.org\/#\/schema\/person\/d59d752a3b3ba80ddbfef448f33b3c92","name":"user","image":{"@type":"ImageObject","inLanguage":"en-GB","@id":"https:\/\/apadrinalaciencia.org\/#\/schema\/person\/image\/","url":"https:\/\/secure.gravatar.com\/avatar\/b4c9a289323b21a01c3e940f150eb9b8c542587f1abfd8f0e1cc1ffc5e475514?s=96&d=mm&r=g","contentUrl":"https:\/\/secure.gravatar.com\/avatar\/b4c9a289323b21a01c3e940f150eb9b8c542587f1abfd8f0e1cc1ffc5e475514?s=96&d=mm&r=g","caption":"user"},"url":"https:\/\/apadrinalaciencia.org\/en\/author\/user"}]}},"jetpack_featured_media_url":"https:\/\/apadrinalaciencia.org\/wp-content\/uploads\/2019\/10\/Cosce-primera.jpg","_links":{"self":[{"href":"https:\/\/apadrinalaciencia.org\/en\/wp-json\/wp\/v2\/posts\/234","targetHints":{"allow":["GET"]}}],"collection":[{"href":"https:\/\/apadrinalaciencia.org\/en\/wp-json\/wp\/v2\/posts"}],"about":[{"href":"https:\/\/apadrinalaciencia.org\/en\/wp-json\/wp\/v2\/types\/post"}],"author":[{"embeddable":true,"href":"https:\/\/apadrinalaciencia.org\/en\/wp-json\/wp\/v2\/users\/1"}],"replies":[{"embeddable":true,"href":"https:\/\/apadrinalaciencia.org\/en\/wp-json\/wp\/v2\/comments?post=234"}],"version-history":[{"count":6,"href":"https:\/\/apadrinalaciencia.org\/en\/wp-json\/wp\/v2\/posts\/234\/revisions"}],"predecessor-version":[{"id":436,"href":"https:\/\/apadrinalaciencia.org\/en\/wp-json\/wp\/v2\/posts\/234\/revisions\/436"}],"wp:featuredmedia":[{"embeddable":true,"href":"https:\/\/apadrinalaciencia.org\/en\/wp-json\/wp\/v2\/media\/235"}],"wp:attachment":[{"href":"https:\/\/apadrinalaciencia.org\/en\/wp-json\/wp\/v2\/media?parent=234"}],"wp:term":[{"taxonomy":"category","embeddable":true,"href":"https:\/\/apadrinalaciencia.org\/en\/wp-json\/wp\/v2\/categories?post=234"},{"taxonomy":"post_tag","embeddable":true,"href":"https:\/\/apadrinalaciencia.org\/en\/wp-json\/wp\/v2\/tags?post=234"}],"curies":[{"name":"wp","href":"https:\/\/api.w.org\/{rel}","templated":true}]}}