{"id":1480,"date":"2019-04-25T14:57:19","date_gmt":"2019-04-25T12:57:19","guid":{"rendered":"https:\/\/apadrinalaciencia.org\/?p=1480"},"modified":"2024-04-25T14:59:31","modified_gmt":"2024-04-25T12:59:31","slug":"carmen-simon-premio-cosce-2019-a-la-difusion-de-la-ciencia","status":"publish","type":"post","link":"https:\/\/apadrinalaciencia.org\/en\/carmen-simon-premio-cosce-2019-a-la-difusion-de-la-ciencia","title":{"rendered":"Carmen Sim\u00f3n, Premio COSCE 2019 a la Difusi\u00f3n de la Ciencia"},"content":{"rendered":"<div class=\"wpb-content-wrapper\"><div class=\"vc_row wpb_row vc_row-fluid\"><div class=\"wpb_column vc_column_container vc_col-sm-12\"><div class=\"vc_column-inner\"><div class=\"wpb_wrapper\"><div class=\"vc_empty_space\"   style=\"height: 100px\"><span class=\"vc_empty_space_inner\"><\/span><\/div><h6 style=\"color: #ecbe49;text-align: left;font-family:Quicksand;font-weight:400;font-style:normal\" class=\"vc_custom_heading vc_do_custom_heading\" >ACTIVIDADES<\/h6><\/div><\/div><\/div><\/div><div class=\"vc_row wpb_row vc_row-fluid\"><div class=\"wpb_column vc_column_container vc_col-sm-12\"><div class=\"vc_column-inner\"><div class=\"wpb_wrapper\"><div class=\"vc_separator wpb_content_element vc_separator_align_center vc_sep_width_100 vc_sep_pos_align_center vc_separator_no_text vc_sep_color_black wpb_content_element  wpb_content_element\" ><span class=\"vc_sep_holder vc_sep_holder_l\"><span class=\"vc_sep_line\"><\/span><\/span><span class=\"vc_sep_holder vc_sep_holder_r\"><span class=\"vc_sep_line\"><\/span><\/span>\n<\/div><div class=\"vc_row wpb_row vc_inner vc_row-fluid vc_row-o-content-middle vc_row-flex\"><div class=\"wpb_column vc_column_container vc_col-sm-12\"><div class=\"vc_column-inner\"><div class=\"wpb_wrapper\"><h3 style=\"text-align: left\" class=\"vc_custom_heading vc_do_custom_heading\" >I Premio de Divulgaci\u00f3n Cient\u00edfica Fundaci\u00f3n Lilly-Apadrina la Ciencia<\/h3><\/div><\/div><\/div><\/div><div class=\"vc_separator wpb_content_element vc_separator_align_center vc_sep_width_100 vc_sep_pos_align_center vc_separator_no_text vc_sep_color_black wpb_content_element  wpb_content_element\" ><span class=\"vc_sep_holder vc_sep_holder_l\"><span class=\"vc_sep_line\"><\/span><\/span><span class=\"vc_sep_holder vc_sep_holder_r\"><span class=\"vc_sep_line\"><\/span><\/span>\n<\/div><\/div><\/div><\/div><\/div><div class=\"vc_row wpb_row vc_row-fluid\"><div class=\"wpb_column vc_column_container vc_col-sm-6 vc_col-has-fill\"><div class=\"vc_column-inner vc_custom_1609345215919\"><div class=\"wpb_wrapper\">\n\t<div class=\"wpb_text_column wpb_content_element\" >\n\t\t<div class=\"wpb_wrapper\">\n\t\t\t<p class=\"font_8 wixui-rich-text__text\" style=\"text-align: center;\"><span class=\"wixui-rich-text__text\">Nuestra presidenta y fundadora,\u00a0<strong>Carmen Sim\u00f3n Mateo<\/strong>, ha sido galardonada con el\u00a0<strong>Premio COSCE 2019<\/strong>\u00a0a la Difusi\u00f3n de la Ciencia otorgado por la Confederaci\u00f3n de Sociedades Cient\u00edficas de Espa\u00f1a (Cosce) que agrupa a m\u00e1s de 40.000 cient\u00edficos de Espa\u00f1a de todas las \u00e1reas del conocimiento.<\/span><\/p>\n<p class=\"font_8 wixui-rich-text__text\" style=\"text-align: center;\"><span class=\"wixui-rich-text__text\">\u00a0Este premio es un reconocimiento a las m\u00faltiples participaciones en medios de comunicaci\u00f3n (radio, televisi\u00f3n, charla TEDx y RRSS), a la labor en la b\u00fasqueda activa de aportaciones de donantes particulares, fundaciones y empresas y tambi\u00e9n a la organizaci\u00f3n de actividades cient\u00edficas para ni\u00f1os que realizamos todo el equipo de Apadrina la Ciencia con la ayuda de todos los voluntarios que nos apoyan.<\/span><\/p>\n\n\t\t<\/div>\n\t<\/div>\n<div class=\"vc_btn3-container vc_btn3-center vc_do_btn\" ><a class=\"vc_general vc_btn3 vc_btn3-size-md vc_btn3-shape-rounded vc_btn3-style-modern vc_btn3-color-grey\" href=\"https:\/\/www.youtube.com\/watch?v=kj9Qv6COrFU\" title=\"\">Video<\/a><\/div><\/div><\/div><\/div><div class=\"wpb_column vc_column_container vc_col-sm-6\"><div class=\"vc_column-inner\"><div class=\"wpb_wrapper\">\n\t<div  class=\"wpb_single_image wpb_content_element vc_align_center wpb_content_element\">\n\t\t\n\t\t<figure class=\"wpb_wrapper vc_figure\">\n\t\t\t<div class=\"vc_single_image-wrapper   vc_box_border_grey\"><img loading=\"lazy\" decoding=\"async\" width=\"453\" height=\"336\" src=\"https:\/\/apadrinalaciencia.org\/wp-content\/uploads\/2019\/04\/Cosce-primera.png\" class=\"vc_single_image-img attachment-full\" alt=\"\" title=\"Cosce primera\" srcset=\"https:\/\/apadrinalaciencia.org\/wp-content\/uploads\/2019\/04\/Cosce-primera.png 453w, https:\/\/apadrinalaciencia.org\/wp-content\/uploads\/2019\/04\/Cosce-primera-300x223.png 300w, https:\/\/apadrinalaciencia.org\/wp-content\/uploads\/2019\/04\/Cosce-primera-16x12.png 16w, https:\/\/apadrinalaciencia.org\/wp-content\/uploads\/2019\/04\/Cosce-primera-197x146.png 197w, https:\/\/apadrinalaciencia.org\/wp-content\/uploads\/2019\/04\/Cosce-primera-50x37.png 50w, https:\/\/apadrinalaciencia.org\/wp-content\/uploads\/2019\/04\/Cosce-primera-101x75.png 101w\" sizes=\"auto, (max-width:767px) 453px, 453px\" \/><\/div>\n\t\t<\/figure>\n\t<\/div>\n<\/div><\/div><\/div><\/div><div class=\"vc_row wpb_row vc_row-fluid\"><div class=\"wpb_column vc_column_container vc_col-sm-12\"><div class=\"vc_column-inner\"><div class=\"wpb_wrapper\"><div class=\"vc_empty_space\"   style=\"height: 100px\"><span class=\"vc_empty_space_inner\"><\/span><\/div><\/div><\/div><\/div><\/div>\n<\/div>","protected":false},"excerpt":{"rendered":"ACTIVIDADES I Premio de Divulgaci\u00f3n Cient\u00edfica Fundaci\u00f3n Lilly-Apadrina la Ciencia Nuestra presidenta y fundadora,\u00a0Carmen Sim\u00f3n Mateo, ha sido galardonada con el\u00a0Premio COSCE 2019\u00a0a la Difusi\u00f3n de<span class=\"excerpt-hellip\"> [\u2026]<\/span>","protected":false},"author":1,"featured_media":1482,"comment_status":"open","ping_status":"open","sticky":false,"template":"","format":"standard","meta":{"footnotes":""},"categories":[1],"tags":[],"class_list":["post-1480","post","type-post","status-publish","format-standard","has-post-thumbnail","hentry","category-actividades"],"yoast_head":"<!-- This site is optimized with the Yoast SEO plugin v24.9 - https:\/\/yoast.com\/wordpress\/plugins\/seo\/ -->\n<title>Carmen Sim\u00f3n, Premio COSCE 2019 a la Difusi\u00f3n de la Ciencia - Apadrina la Ciencia<\/title>\n<meta name=\"robots\" content=\"index, follow, max-snippet:-1, max-image-preview:large, max-video-preview:-1\" \/>\n<link rel=\"canonical\" href=\"https:\/\/apadrinalaciencia.org\/en\/carmen-simon-premio-cosce-2019-a-la-difusion-de-la-ciencia\/\" \/>\n<meta property=\"og:locale\" content=\"en_GB\" \/>\n<meta property=\"og:type\" content=\"article\" \/>\n<meta property=\"og:title\" content=\"Carmen Sim\u00f3n, Premio COSCE 2019 a la Difusi\u00f3n de la Ciencia - Apadrina la Ciencia\" \/>\n<meta property=\"og:url\" content=\"https:\/\/apadrinalaciencia.org\/en\/carmen-simon-premio-cosce-2019-a-la-difusion-de-la-ciencia\/\" \/>\n<meta property=\"og:site_name\" content=\"Apadrina la Ciencia\" \/>\n<meta property=\"article:published_time\" content=\"2019-04-25T12:57:19+00:00\" \/>\n<meta property=\"article:modified_time\" content=\"2024-04-25T12:59:31+00:00\" \/>\n<meta property=\"og:image\" content=\"https:\/\/apadrinalaciencia.org\/wp-content\/uploads\/2019\/04\/Cosce-primera.png\" \/>\n\t<meta property=\"og:image:width\" content=\"453\" \/>\n\t<meta property=\"og:image:height\" content=\"336\" \/>\n\t<meta property=\"og:image:type\" content=\"image\/png\" \/>\n<meta name=\"author\" content=\"user\" \/>\n<meta name=\"twitter:card\" content=\"summary_large_image\" \/>\n<meta name=\"twitter:label1\" content=\"Written by\" \/>\n\t<meta name=\"twitter:data1\" content=\"user\" \/>\n\t<meta name=\"twitter:label2\" content=\"Estimated reading time\" \/>\n\t<meta name=\"twitter:data2\" content=\"1 minute\" \/>\n<script type=\"application\/ld+json\" class=\"yoast-schema-graph\">{\"@context\":\"https:\/\/schema.org\",\"@graph\":[{\"@type\":\"Article\",\"@id\":\"https:\/\/apadrinalaciencia.org\/carmen-simon-premio-cosce-2019-a-la-difusion-de-la-ciencia#article\",\"isPartOf\":{\"@id\":\"https:\/\/apadrinalaciencia.org\/carmen-simon-premio-cosce-2019-a-la-difusion-de-la-ciencia\"},\"author\":{\"name\":\"user\",\"@id\":\"https:\/\/apadrinalaciencia.org\/#\/schema\/person\/d59d752a3b3ba80ddbfef448f33b3c92\"},\"headline\":\"Carmen Sim\u00f3n, Premio COSCE 2019 a la Difusi\u00f3n de la Ciencia\",\"datePublished\":\"2019-04-25T12:57:19+00:00\",\"dateModified\":\"2024-04-25T12:59:31+00:00\",\"mainEntityOfPage\":{\"@id\":\"https:\/\/apadrinalaciencia.org\/carmen-simon-premio-cosce-2019-a-la-difusion-de-la-ciencia\"},\"wordCount\":301,\"commentCount\":0,\"publisher\":{\"@id\":\"https:\/\/apadrinalaciencia.org\/#organization\"},\"image\":{\"@id\":\"https:\/\/apadrinalaciencia.org\/carmen-simon-premio-cosce-2019-a-la-difusion-de-la-ciencia#primaryimage\"},\"thumbnailUrl\":\"https:\/\/apadrinalaciencia.org\/wp-content\/uploads\/2019\/04\/Cosce-primera.png\",\"articleSection\":[\"Actividades\"],\"inLanguage\":\"en-GB\",\"potentialAction\":[{\"@type\":\"CommentAction\",\"name\":\"Comment\",\"target\":[\"https:\/\/apadrinalaciencia.org\/carmen-simon-premio-cosce-2019-a-la-difusion-de-la-ciencia#respond\"]}]},{\"@type\":\"WebPage\",\"@id\":\"https:\/\/apadrinalaciencia.org\/carmen-simon-premio-cosce-2019-a-la-difusion-de-la-ciencia\",\"url\":\"https:\/\/apadrinalaciencia.org\/carmen-simon-premio-cosce-2019-a-la-difusion-de-la-ciencia\",\"name\":\"Carmen Sim\u00f3n, Premio COSCE 2019 a la Difusi\u00f3n de la Ciencia - Apadrina la Ciencia\",\"isPartOf\":{\"@id\":\"https:\/\/apadrinalaciencia.org\/#website\"},\"primaryImageOfPage\":{\"@id\":\"https:\/\/apadrinalaciencia.org\/carmen-simon-premio-cosce-2019-a-la-difusion-de-la-ciencia#primaryimage\"},\"image\":{\"@id\":\"https:\/\/apadrinalaciencia.org\/carmen-simon-premio-cosce-2019-a-la-difusion-de-la-ciencia#primaryimage\"},\"thumbnailUrl\":\"https:\/\/apadrinalaciencia.org\/wp-content\/uploads\/2019\/04\/Cosce-primera.png\",\"datePublished\":\"2019-04-25T12:57:19+00:00\",\"dateModified\":\"2024-04-25T12:59:31+00:00\",\"breadcrumb\":{\"@id\":\"https:\/\/apadrinalaciencia.org\/carmen-simon-premio-cosce-2019-a-la-difusion-de-la-ciencia#breadcrumb\"},\"inLanguage\":\"en-GB\",\"potentialAction\":[{\"@type\":\"ReadAction\",\"target\":[\"https:\/\/apadrinalaciencia.org\/carmen-simon-premio-cosce-2019-a-la-difusion-de-la-ciencia\"]}]},{\"@type\":\"ImageObject\",\"inLanguage\":\"en-GB\",\"@id\":\"https:\/\/apadrinalaciencia.org\/carmen-simon-premio-cosce-2019-a-la-difusion-de-la-ciencia#primaryimage\",\"url\":\"https:\/\/apadrinalaciencia.org\/wp-content\/uploads\/2019\/04\/Cosce-primera.png\",\"contentUrl\":\"https:\/\/apadrinalaciencia.org\/wp-content\/uploads\/2019\/04\/Cosce-primera.png\",\"width\":453,\"height\":336},{\"@type\":\"BreadcrumbList\",\"@id\":\"https:\/\/apadrinalaciencia.org\/carmen-simon-premio-cosce-2019-a-la-difusion-de-la-ciencia#breadcrumb\",\"itemListElement\":[{\"@type\":\"ListItem\",\"position\":1,\"name\":\"Home\",\"item\":\"https:\/\/apadrinalaciencia.org\/\"},{\"@type\":\"ListItem\",\"position\":2,\"name\":\"Carmen Sim\u00f3n, Premio COSCE 2019 a la Difusi\u00f3n de la Ciencia\"}]},{\"@type\":\"WebSite\",\"@id\":\"https:\/\/apadrinalaciencia.org\/#website\",\"url\":\"https:\/\/apadrinalaciencia.org\/\",\"name\":\"Apadrina la Ciencia\",\"description\":\"Ayudando a la investigaci\u00f3n construimos el futuro\",\"publisher\":{\"@id\":\"https:\/\/apadrinalaciencia.org\/#organization\"},\"potentialAction\":[{\"@type\":\"SearchAction\",\"target\":{\"@type\":\"EntryPoint\",\"urlTemplate\":\"https:\/\/apadrinalaciencia.org\/?s={search_term_string}\"},\"query-input\":{\"@type\":\"PropertyValueSpecification\",\"valueRequired\":true,\"valueName\":\"search_term_string\"}}],\"inLanguage\":\"en-GB\"},{\"@type\":\"Organization\",\"@id\":\"https:\/\/apadrinalaciencia.org\/#organization\",\"name\":\"Apadrina la Ciencia\",\"url\":\"https:\/\/apadrinalaciencia.org\/\",\"logo\":{\"@type\":\"ImageObject\",\"inLanguage\":\"en-GB\",\"@id\":\"https:\/\/apadrinalaciencia.org\/#\/schema\/logo\/image\/\",\"url\":\"https:\/\/apadrinalaciencia.org\/wp-content\/uploads\/2019\/10\/cropped-logo-apadrina-la-ciencia.png\",\"contentUrl\":\"https:\/\/apadrinalaciencia.org\/wp-content\/uploads\/2019\/10\/cropped-logo-apadrina-la-ciencia.png\",\"width\":374,\"height\":212,\"caption\":\"Apadrina la Ciencia\"},\"image\":{\"@id\":\"https:\/\/apadrinalaciencia.org\/#\/schema\/logo\/image\/\"}},{\"@type\":\"Person\",\"@id\":\"https:\/\/apadrinalaciencia.org\/#\/schema\/person\/d59d752a3b3ba80ddbfef448f33b3c92\",\"name\":\"user\",\"image\":{\"@type\":\"ImageObject\",\"inLanguage\":\"en-GB\",\"@id\":\"https:\/\/apadrinalaciencia.org\/#\/schema\/person\/image\/\",\"url\":\"https:\/\/secure.gravatar.com\/avatar\/b4c9a289323b21a01c3e940f150eb9b8c542587f1abfd8f0e1cc1ffc5e475514?s=96&d=mm&r=g\",\"contentUrl\":\"https:\/\/secure.gravatar.com\/avatar\/b4c9a289323b21a01c3e940f150eb9b8c542587f1abfd8f0e1cc1ffc5e475514?s=96&d=mm&r=g\",\"caption\":\"user\"},\"url\":\"https:\/\/apadrinalaciencia.org\/en\/author\/user\"}]}<\/script>\n<!-- \/ Yoast SEO plugin. -->","yoast_head_json":{"title":"Carmen Sim\u00f3n, Premio COSCE 2019 a la Difusi\u00f3n de la Ciencia - Apadrina la Ciencia","robots":{"index":"index","follow":"follow","max-snippet":"max-snippet:-1","max-image-preview":"max-image-preview:large","max-video-preview":"max-video-preview:-1"},"canonical":"https:\/\/apadrinalaciencia.org\/en\/carmen-simon-premio-cosce-2019-a-la-difusion-de-la-ciencia\/","og_locale":"en_GB","og_type":"article","og_title":"Carmen Sim\u00f3n, Premio COSCE 2019 a la Difusi\u00f3n de la Ciencia - Apadrina la Ciencia","og_url":"https:\/\/apadrinalaciencia.org\/en\/carmen-simon-premio-cosce-2019-a-la-difusion-de-la-ciencia\/","og_site_name":"Apadrina la Ciencia","article_published_time":"2019-04-25T12:57:19+00:00","article_modified_time":"2024-04-25T12:59:31+00:00","og_image":[{"width":453,"height":336,"url":"https:\/\/apadrinalaciencia.org\/wp-content\/uploads\/2019\/04\/Cosce-primera.png","type":"image\/png"}],"author":"user","twitter_card":"summary_large_image","twitter_misc":{"Written by":"user","Estimated reading time":"1 minute"},"schema":{"@context":"https:\/\/schema.org","@graph":[{"@type":"Article","@id":"https:\/\/apadrinalaciencia.org\/carmen-simon-premio-cosce-2019-a-la-difusion-de-la-ciencia#article","isPartOf":{"@id":"https:\/\/apadrinalaciencia.org\/carmen-simon-premio-cosce-2019-a-la-difusion-de-la-ciencia"},"author":{"name":"user","@id":"https:\/\/apadrinalaciencia.org\/#\/schema\/person\/d59d752a3b3ba80ddbfef448f33b3c92"},"headline":"Carmen Sim\u00f3n, Premio COSCE 2019 a la Difusi\u00f3n de la Ciencia","datePublished":"2019-04-25T12:57:19+00:00","dateModified":"2024-04-25T12:59:31+00:00","mainEntityOfPage":{"@id":"https:\/\/apadrinalaciencia.org\/carmen-simon-premio-cosce-2019-a-la-difusion-de-la-ciencia"},"wordCount":301,"commentCount":0,"publisher":{"@id":"https:\/\/apadrinalaciencia.org\/#organization"},"image":{"@id":"https:\/\/apadrinalaciencia.org\/carmen-simon-premio-cosce-2019-a-la-difusion-de-la-ciencia#primaryimage"},"thumbnailUrl":"https:\/\/apadrinalaciencia.org\/wp-content\/uploads\/2019\/04\/Cosce-primera.png","articleSection":["Actividades"],"inLanguage":"en-GB","potentialAction":[{"@type":"CommentAction","name":"Comment","target":["https:\/\/apadrinalaciencia.org\/carmen-simon-premio-cosce-2019-a-la-difusion-de-la-ciencia#respond"]}]},{"@type":"WebPage","@id":"https:\/\/apadrinalaciencia.org\/carmen-simon-premio-cosce-2019-a-la-difusion-de-la-ciencia","url":"https:\/\/apadrinalaciencia.org\/carmen-simon-premio-cosce-2019-a-la-difusion-de-la-ciencia","name":"Carmen Sim\u00f3n, Premio COSCE 2019 a la Difusi\u00f3n de la Ciencia - Apadrina la Ciencia","isPartOf":{"@id":"https:\/\/apadrinalaciencia.org\/#website"},"primaryImageOfPage":{"@id":"https:\/\/apadrinalaciencia.org\/carmen-simon-premio-cosce-2019-a-la-difusion-de-la-ciencia#primaryimage"},"image":{"@id":"https:\/\/apadrinalaciencia.org\/carmen-simon-premio-cosce-2019-a-la-difusion-de-la-ciencia#primaryimage"},"thumbnailUrl":"https:\/\/apadrinalaciencia.org\/wp-content\/uploads\/2019\/04\/Cosce-primera.png","datePublished":"2019-04-25T12:57:19+00:00","dateModified":"2024-04-25T12:59:31+00:00","breadcrumb":{"@id":"https:\/\/apadrinalaciencia.org\/carmen-simon-premio-cosce-2019-a-la-difusion-de-la-ciencia#breadcrumb"},"inLanguage":"en-GB","potentialAction":[{"@type":"ReadAction","target":["https:\/\/apadrinalaciencia.org\/carmen-simon-premio-cosce-2019-a-la-difusion-de-la-ciencia"]}]},{"@type":"ImageObject","inLanguage":"en-GB","@id":"https:\/\/apadrinalaciencia.org\/carmen-simon-premio-cosce-2019-a-la-difusion-de-la-ciencia#primaryimage","url":"https:\/\/apadrinalaciencia.org\/wp-content\/uploads\/2019\/04\/Cosce-primera.png","contentUrl":"https:\/\/apadrinalaciencia.org\/wp-content\/uploads\/2019\/04\/Cosce-primera.png","width":453,"height":336},{"@type":"BreadcrumbList","@id":"https:\/\/apadrinalaciencia.org\/carmen-simon-premio-cosce-2019-a-la-difusion-de-la-ciencia#breadcrumb","itemListElement":[{"@type":"ListItem","position":1,"name":"Home","item":"https:\/\/apadrinalaciencia.org\/"},{"@type":"ListItem","position":2,"name":"Carmen Sim\u00f3n, Premio COSCE 2019 a la Difusi\u00f3n de la Ciencia"}]},{"@type":"WebSite","@id":"https:\/\/apadrinalaciencia.org\/#website","url":"https:\/\/apadrinalaciencia.org\/","name":"Apadrina la Ciencia","description":"Ayudando a la investigaci\u00f3n construimos el futuro","publisher":{"@id":"https:\/\/apadrinalaciencia.org\/#organization"},"potentialAction":[{"@type":"SearchAction","target":{"@type":"EntryPoint","urlTemplate":"https:\/\/apadrinalaciencia.org\/?s={search_term_string}"},"query-input":{"@type":"PropertyValueSpecification","valueRequired":true,"valueName":"search_term_string"}}],"inLanguage":"en-GB"},{"@type":"Organization","@id":"https:\/\/apadrinalaciencia.org\/#organization","name":"Apadrina la Ciencia","url":"https:\/\/apadrinalaciencia.org\/","logo":{"@type":"ImageObject","inLanguage":"en-GB","@id":"https:\/\/apadrinalaciencia.org\/#\/schema\/logo\/image\/","url":"https:\/\/apadrinalaciencia.org\/wp-content\/uploads\/2019\/10\/cropped-logo-apadrina-la-ciencia.png","contentUrl":"https:\/\/apadrinalaciencia.org\/wp-content\/uploads\/2019\/10\/cropped-logo-apadrina-la-ciencia.png","width":374,"height":212,"caption":"Apadrina la Ciencia"},"image":{"@id":"https:\/\/apadrinalaciencia.org\/#\/schema\/logo\/image\/"}},{"@type":"Person","@id":"https:\/\/apadrinalaciencia.org\/#\/schema\/person\/d59d752a3b3ba80ddbfef448f33b3c92","name":"user","image":{"@type":"ImageObject","inLanguage":"en-GB","@id":"https:\/\/apadrinalaciencia.org\/#\/schema\/person\/image\/","url":"https:\/\/secure.gravatar.com\/avatar\/b4c9a289323b21a01c3e940f150eb9b8c542587f1abfd8f0e1cc1ffc5e475514?s=96&d=mm&r=g","contentUrl":"https:\/\/secure.gravatar.com\/avatar\/b4c9a289323b21a01c3e940f150eb9b8c542587f1abfd8f0e1cc1ffc5e475514?s=96&d=mm&r=g","caption":"user"},"url":"https:\/\/apadrinalaciencia.org\/en\/author\/user"}]}},"jetpack_featured_media_url":"https:\/\/apadrinalaciencia.org\/wp-content\/uploads\/2019\/04\/Cosce-primera.png","_links":{"self":[{"href":"https:\/\/apadrinalaciencia.org\/en\/wp-json\/wp\/v2\/posts\/1480","targetHints":{"allow":["GET"]}}],"collection":[{"href":"https:\/\/apadrinalaciencia.org\/en\/wp-json\/wp\/v2\/posts"}],"about":[{"href":"https:\/\/apadrinalaciencia.org\/en\/wp-json\/wp\/v2\/types\/post"}],"author":[{"embeddable":true,"href":"https:\/\/apadrinalaciencia.org\/en\/wp-json\/wp\/v2\/users\/1"}],"replies":[{"embeddable":true,"href":"https:\/\/apadrinalaciencia.org\/en\/wp-json\/wp\/v2\/comments?post=1480"}],"version-history":[{"count":3,"href":"https:\/\/apadrinalaciencia.org\/en\/wp-json\/wp\/v2\/posts\/1480\/revisions"}],"predecessor-version":[{"id":1484,"href":"https:\/\/apadrinalaciencia.org\/en\/wp-json\/wp\/v2\/posts\/1480\/revisions\/1484"}],"wp:featuredmedia":[{"embeddable":true,"href":"https:\/\/apadrinalaciencia.org\/en\/wp-json\/wp\/v2\/media\/1482"}],"wp:attachment":[{"href":"https:\/\/apadrinalaciencia.org\/en\/wp-json\/wp\/v2\/media?parent=1480"}],"wp:term":[{"taxonomy":"category","embeddable":true,"href":"https:\/\/apadrinalaciencia.org\/en\/wp-json\/wp\/v2\/categories?post=1480"},{"taxonomy":"post_tag","embeddable":true,"href":"https:\/\/apadrinalaciencia.org\/en\/wp-json\/wp\/v2\/tags?post=1480"}],"curies":[{"name":"wp","href":"https:\/\/api.w.org\/{rel}","templated":true}]}}